{"id":9576,"date":"2015-04-18T20:00:09","date_gmt":"2015-04-18T19:00:09","guid":{"rendered":"http:\/\/www.laeuferriege-neuenkirch.ch\/?p=9576"},"modified":"2015-04-22T07:16:43","modified_gmt":"2015-04-22T06:16:43","slug":"saisonauftakt-am-rotsee","status":"publish","type":"post","link":"https:\/\/www.laeuferriege-neuenkirch.ch\/?p=9576","title":{"rendered":"Saisonauftakt am Rotsee"},"content":{"rendered":"<p><strong>Mit dem Rotseelauf vom Samstag, 18. April 2015, startete die LR Neuenkirch in die Strassenlauf-Saison. Nur eine kleine Truppe Neuenkircher startete in Ebikon. Ein starkes Debut gab Jessica Lagler und mehrere Top-Ten-Klassierungen komplettierten einen gelungenen Tag f\u00fcr die LR Neuenkirch.<\/strong><\/p>\n<p><!--more--><a href=\"https:\/\/www.laeuferriege-neuenkirch.ch\/wp-content\/uploads\/2015\/04\/20150418_132528_12.jpg\" rel=\"lightbox[9576]\"><img loading=\"lazy\" decoding=\"async\" class=\"alignleft size-medium wp-image-9544\" src=\"https:\/\/www.laeuferriege-neuenkirch.ch\/wp-content\/uploads\/2015\/04\/20150418_132528_12-300x200.jpg\" alt=\"20150418_132528_12\" width=\"300\" height=\"200\" srcset=\"https:\/\/www.laeuferriege-neuenkirch.ch\/wp-content\/uploads\/2015\/04\/20150418_132528_12-300x200.jpg 300w, https:\/\/www.laeuferriege-neuenkirch.ch\/wp-content\/uploads\/2015\/04\/20150418_132528_12-75x50.jpg 75w, https:\/\/www.laeuferriege-neuenkirch.ch\/wp-content\/uploads\/2015\/04\/20150418_132528_12.jpg 800w\" sizes=\"auto, (max-width: 300px) 100vw, 300px\" \/><\/a>Flavia M\u00fcller und Jana B\u00fchlmann liefen die 1,1km lange Strecke im Dorf Ebikon. Der Massenstart von verschiedenen Kategorien zusammen und die lang gezogene Strecke haben ihre T\u00fccken, dennoch vermochten sich die beiden gut ins Rennen zu integrieren und lieferten gute Resultate ab. Den zweiten Massenstart absolvierten die Kategorien U12 weiblich und m\u00e4nnlich zusammen. Marina Wicki konnte von ihren Kollegen profitieren und lief \u2013 angespornt von den schnellen Jungs \u2013 auf den tollen 4. Rang.\u00a0 Auch Jonas M\u00fcller und C\u00e9dric Weber klassierten sich nur ganz knapp hinter den Medaillenpl\u00e4tzen und zeigten mit Rang 4 und 5, dass mit ihnen in der Saison 2015 zu rechnen ist. Auch Michael Graf gelang mit dem 10. Rang einen soliden Start in die Saison.<\/p>\n<p>Einmal um den Rotsee wagten sich Tamara Hirschi, Jessica Lagler und Sven Achermann. Tamara wurde aber bald von Atemproblemen in die Knie gezwungen. Sie konnte das Rennen nicht beenden und muss den Saisonstart aufschieben. Umso besser lief es daf\u00fcr Jessica Lagler, welche mit einem 8. Rang an ihrem ersten Rennen f\u00fcr die LR Neuenkirch gleich ein Top Ten Resultat gelang. Sven Achermann k\u00e4mpfte mit viel Konkurrenz und konnte mit Rang 13 ein gutes Rennen zeigen.<\/p>\n<p>Auszug aus der Rangliste:<br \/>\n<strong>U10W<\/strong>: 8. M\u00fcller Flavia, 9. B\u00fchlmann Jana \/ <strong>U12W<\/strong>: 4. Wicki Marina \/ <strong>U12M<\/strong>: 4. M\u00fcller Jonas, 5. Weber C\u00e9dric, 10. Graf Michael \/ <strong>Juniorinnen<\/strong>: 8. Lagler Jessica \/ <strong>Junioren<\/strong>: 13. Achermann Sven<\/p>\n<p><a title=\"18.04.15 \u2013 Rotseelauf Ebikon\" href=\"https:\/\/www.laeuferriege-neuenkirch.ch\/?p=9532\">Alle Fotos vom Rotseelauf<\/a><\/p>\n","protected":false},"excerpt":{"rendered":"<p>Mit dem Rotseelauf vom Samstag, 18. April 2015, startete die LR Neuenkirch in die Strassenlauf-Saison. Nur eine kleine Truppe Neuenkircher startete in Ebikon. Ein starkes &hellip;<\/p>\n","protected":false},"author":1,"featured_media":0,"comment_status":"closed","ping_status":"closed","sticky":false,"template":"","format":"standard","meta":{"_themeisle_gutenberg_block_has_review":false,"footnotes":""},"categories":[9],"tags":[],"class_list":["post-9576","post","type-post","status-publish","format-standard","hentry","category-news"],"_links":{"self":[{"href":"https:\/\/www.laeuferriege-neuenkirch.ch\/index.php?rest_route=\/wp\/v2\/posts\/9576","targetHints":{"allow":["GET"]}}],"collection":[{"href":"https:\/\/www.laeuferriege-neuenkirch.ch\/index.php?rest_route=\/wp\/v2\/posts"}],"about":[{"href":"https:\/\/www.laeuferriege-neuenkirch.ch\/index.php?rest_route=\/wp\/v2\/types\/post"}],"author":[{"embeddable":true,"href":"https:\/\/www.laeuferriege-neuenkirch.ch\/index.php?rest_route=\/wp\/v2\/users\/1"}],"replies":[{"embeddable":true,"href":"https:\/\/www.laeuferriege-neuenkirch.ch\/index.php?rest_route=%2Fwp%2Fv2%2Fcomments&post=9576"}],"version-history":[{"count":2,"href":"https:\/\/www.laeuferriege-neuenkirch.ch\/index.php?rest_route=\/wp\/v2\/posts\/9576\/revisions"}],"predecessor-version":[{"id":9578,"href":"https:\/\/www.laeuferriege-neuenkirch.ch\/index.php?rest_route=\/wp\/v2\/posts\/9576\/revisions\/9578"}],"wp:attachment":[{"href":"https:\/\/www.laeuferriege-neuenkirch.ch\/index.php?rest_route=%2Fwp%2Fv2%2Fmedia&parent=9576"}],"wp:term":[{"taxonomy":"category","embeddable":true,"href":"https:\/\/www.laeuferriege-neuenkirch.ch\/index.php?rest_route=%2Fwp%2Fv2%2Fcategories&post=9576"},{"taxonomy":"post_tag","embeddable":true,"href":"https:\/\/www.laeuferriege-neuenkirch.ch\/index.php?rest_route=%2Fwp%2Fv2%2Ftags&post=9576"}],"curies":[{"name":"wp","href":"https:\/\/api.w.org\/{rel}","templated":true}]}}