{"id":9526,"date":"2015-03-15T20:00:57","date_gmt":"2015-03-15T19:00:57","guid":{"rendered":"http:\/\/www.laeuferriege-neuenkirch.ch\/?p=9526"},"modified":"2015-03-24T13:05:17","modified_gmt":"2015-03-24T12:05:17","slug":"de-letscht-de-bescht","status":"publish","type":"post","link":"https:\/\/www.laeuferriege-neuenkirch.ch\/?p=9526","title":{"rendered":"\u201eDe Letscht, de Bescht?\u201c"},"content":{"rendered":"<p><strong>Am Sonntag, 15. M\u00e4rz, fand in Sarnen der letzte von vier Crossl\u00e4ufen der Saison 2015 statt. Den Saisonabschluss und zugleich den letzten Wertungslauf f\u00fcr den Jugend Cross Cup konnte die LR Neuenkirch nat\u00fcrlich nicht verpassen. Das topmotivierte Team reiste mit hohen Erwartungen nach Sarnen und konnte diese zu grossen Teilen auch erf\u00fcllen.<\/strong><\/p>\n<p><!--more-->Nicht ganz nach Crosslauf-Manier \u00e4hnelte die Strecke in Sarnen eher einem Gel\u00e4ndelauf und die 13mm langen Spikes an den Nagelschuhen brauchte es nicht. Das k\u00fchle Wetter passte daf\u00fcr wie die Faust aufs Auge und so konnte bei eigentlich idealen Bedingungen gestartet werden.<\/p>\n<p><a href=\"https:\/\/www.laeuferriege-neuenkirch.ch\/wp-content\/uploads\/2015\/03\/20150315_142811_46.jpg\" rel=\"lightbox[9526]\"><img loading=\"lazy\" decoding=\"async\" class=\"alignleft size-medium wp-image-9516\" src=\"https:\/\/www.laeuferriege-neuenkirch.ch\/wp-content\/uploads\/2015\/03\/20150315_142811_46-300x200.jpg\" alt=\"20150315_142811_46\" width=\"300\" height=\"200\" srcset=\"https:\/\/www.laeuferriege-neuenkirch.ch\/wp-content\/uploads\/2015\/03\/20150315_142811_46-300x200.jpg 300w, https:\/\/www.laeuferriege-neuenkirch.ch\/wp-content\/uploads\/2015\/03\/20150315_142811_46-75x50.jpg 75w, https:\/\/www.laeuferriege-neuenkirch.ch\/wp-content\/uploads\/2015\/03\/20150315_142811_46.jpg 800w\" sizes=\"auto, (max-width: 300px) 100vw, 300px\" \/><\/a>Kim Hirschi und Flavia M\u00fcller setzten bei den Kleinsten mit Rang 2 und 4 ein Ausrufezeichen. Dabei blieb es aber, denn mit den Pl\u00e4tzen 7 und 8 von Kaya Hirschi und Fabienne M\u00fcller waren es die einzigen Top Ten Klassierungen an diesem Lauf.<\/p>\n<p><strong>Auszug aus der Rangliste:<\/strong><br \/>\n<strong>Piccoline M\u00e4dchen<\/strong>: 2. Kim Hirschi, 4. Flavia M\u00fcller \u00a0<strong>U10W<\/strong>: 17. Jana B\u00fchlmann, 38. Ronja Waldisp\u00fchl <strong>U12W<\/strong>: 7. Hischi Kaya, 8. M\u00fcller Fabienne, 16. Marina Wicki\u00a0 <strong>U12M<\/strong>: 18. Jonas M\u00fcller, 21. C\u00e9dric Weber \u00a0<strong>U16M<\/strong>: 15. Nicola Krummenacher<\/p>\n<p>Anschliessend an die regul\u00e4re Rangverk\u00fcndigung fand die mit Spannung erwartete Verk\u00fcndigung der Gesamtrangliste statt. Wie zu erwarten war, schauten f\u00fcr die L\u00e4uferriege viele gute Klassierungen heraus, hatten doch mehrere AthletInnen \u00fcber die ganze Saison konstant gute Resultate gezeigt. Kaya Hirschi durfte in ihrer Kategorie sogar die silberne Medaille abholen und Flavia M\u00fcller verpasste bei den U10W das Podest nur ganz knapp. Die L\u00e4uferriege gratuliert allen zu den tollen Leistungen und nein, der Letzte war nicht der Beste, aber das Resultat am Ende \u00fcberzeugte trotzdem.<\/p>\n<p><a title=\"15.03.2015 \u2013 Crosslauf Sarnen\" href=\"https:\/\/www.laeuferriege-neuenkirch.ch\/?p=9470\">Hier gubt es noch ein paar Fotos vom Crosslauf Sarnen!<\/a><\/p>\n<p><strong>Auszug aus der Gesamtrangliste \u00fcber 4 Crossl\u00e4ufe:<\/strong><br \/>\n<strong>U10W<\/strong>: 4. Flavia M\u00fcller, 9. Kim Hirschi, 10. Jana B\u00fchlmann, 58. Ronja Waldisp\u00fchl\u00a0 <strong>U10M<\/strong>: 19. Brun Nando\u00a0 <strong>U12W<\/strong>: 2. Kaya Hirschi, 6. M\u00fcller Fabienne, 11. Wicki Marina\u00a0 <strong>U12M<\/strong>: 8. Jonas M\u00fcller, 9. C\u00e9dric Weber\u00a0 <strong>U16W<\/strong>: 8. Lisa Sch\u00fcpbach<\/p>\n","protected":false},"excerpt":{"rendered":"<p>Am Sonntag, 15. M\u00e4rz, fand in Sarnen der letzte von vier Crossl\u00e4ufen der Saison 2015 statt. Den Saisonabschluss und zugleich den letzten Wertungslauf f\u00fcr den &hellip;<\/p>\n","protected":false},"author":1,"featured_media":0,"comment_status":"closed","ping_status":"closed","sticky":false,"template":"","format":"standard","meta":{"_themeisle_gutenberg_block_has_review":false,"footnotes":""},"categories":[9],"tags":[],"class_list":["post-9526","post","type-post","status-publish","format-standard","hentry","category-news"],"_links":{"self":[{"href":"https:\/\/www.laeuferriege-neuenkirch.ch\/index.php?rest_route=\/wp\/v2\/posts\/9526","targetHints":{"allow":["GET"]}}],"collection":[{"href":"https:\/\/www.laeuferriege-neuenkirch.ch\/index.php?rest_route=\/wp\/v2\/posts"}],"about":[{"href":"https:\/\/www.laeuferriege-neuenkirch.ch\/index.php?rest_route=\/wp\/v2\/types\/post"}],"author":[{"embeddable":true,"href":"https:\/\/www.laeuferriege-neuenkirch.ch\/index.php?rest_route=\/wp\/v2\/users\/1"}],"replies":[{"embeddable":true,"href":"https:\/\/www.laeuferriege-neuenkirch.ch\/index.php?rest_route=%2Fwp%2Fv2%2Fcomments&post=9526"}],"version-history":[{"count":3,"href":"https:\/\/www.laeuferriege-neuenkirch.ch\/index.php?rest_route=\/wp\/v2\/posts\/9526\/revisions"}],"predecessor-version":[{"id":9529,"href":"https:\/\/www.laeuferriege-neuenkirch.ch\/index.php?rest_route=\/wp\/v2\/posts\/9526\/revisions\/9529"}],"wp:attachment":[{"href":"https:\/\/www.laeuferriege-neuenkirch.ch\/index.php?rest_route=%2Fwp%2Fv2%2Fmedia&parent=9526"}],"wp:term":[{"taxonomy":"category","embeddable":true,"href":"https:\/\/www.laeuferriege-neuenkirch.ch\/index.php?rest_route=%2Fwp%2Fv2%2Fcategories&post=9526"},{"taxonomy":"post_tag","embeddable":true,"href":"https:\/\/www.laeuferriege-neuenkirch.ch\/index.php?rest_route=%2Fwp%2Fv2%2Ftags&post=9526"}],"curies":[{"name":"wp","href":"https:\/\/api.w.org\/{rel}","templated":true}]}}