{"id":9465,"date":"2015-02-01T20:00:17","date_gmt":"2015-02-01T19:00:17","guid":{"rendered":"http:\/\/www.laeuferriege-neuenkirch.ch\/?p=9465"},"modified":"2015-02-06T13:55:30","modified_gmt":"2015-02-06T12:55:30","slug":"viel-improvisationstalent-und-starke-beine-an-einem-intensiven-lr-wochenende","status":"publish","type":"post","link":"https:\/\/www.laeuferriege-neuenkirch.ch\/?p=9465","title":{"rendered":"Viel Improvisationstalent und starke Beine an einem intensiven LR-Wochenende"},"content":{"rendered":"<p><strong>Ein intensives Wochenende stand der L\u00e4uferriege Neuenkirch am \u00a031. Januar und 1. Februar bevor. Am Samstag war mit dem Kids-Cup eines der vielen Saisonhighlights auf dem Programm, bevor die m\u00fcden Beine am Sonntag wieder \u00fcber eine verschneite Cross-Strecke gejagt wurden.<\/strong><\/p>\n<p><!--more-->Gleich drei Teams \u00e0 5 \u2013 6 Sch\u00fclerInnen reisten am Samstag an die lokale Ausscheidung des Kids Cups \u00a0in Baar. Ziel war nat\u00fcrlich die Qualifikation f\u00fcr den Kantonalfinal in Willisau. Doch um dies zu erreichen, mussten im wahrsten Sinne des Wortes einige H\u00fcrden genommen werden. Infolge Krankheit und anderen Verpflichtungen waren einige der Teammitglieder j\u00fcnger als eigentlich geplant und die von Natur aus ein bisschen st\u00e4rkeren Jungs waren rar in den Teams der L\u00e4uferriege. So waren die k\u00f6rperlichen Voraussetzungen alles andere als ideal. Auch die Vorbereitung klappte nicht optimal und einige Disziplinen mussten ohne Training gleich im Ernstfall geprobt werden. Was die L\u00e4uferriegler aber nicht mit Gr\u00f6sse, Kraft und Training erreichen konnten, machten sie mit K\u00f6pfchen und Wille wett. Trotzdem reichte es am Schluss leider keinem der Teams f\u00fcr die Qualifikation. Viel Spass und neue Erfahrungen brachte der Tag dennoch.<\/p>\n<p>Mit neuem Mut packte das kleine Gr\u00fcppchen Crossl\u00e4ufer am Sonntagmorgen die Nagelschuhe ein und reiste nach Steinen. Es sah vielversprechend aus: Die Strecke war gefroren und von starkem Schneefall haben sich erprobte Crossl\u00e4ufer ja noch nie aus dem Konzept werfen lassen. Leider hatte die Konkurrenz die gleich guten Bedingungen und f\u00fcr die Schwyzer gab es gleich doppelten Ansporn, waren es doch ihre Kantonsmeisterschaften. Ein Ausrufezeichen aus Neuenkircher Sicht konnten Kaya Hirschi und Fabienne M\u00fcller setzen. Nachdem sie in den letzten beiden Crossl\u00e4ufen schon hervorragende Leistungen zeigten, doppelten sie am vergangenen Sonntag nach. Dies verschafft ihnen eine ausgezeichnete Ausgangslage f\u00fcr die Gesamtwertung, welche nach den insgesamt vier L\u00e4ufen des Jugend Cross Cups gemacht wird. Der letzte Wertungslauf findet am 15.03. in Sarnen statt.<\/p>\n<p>Auszug aus der Rangliste vom Crosslauf in Steinen:<br \/>\n<strong>U10W<\/strong>:\u00a0 8. Flavia M\u00fcller <strong>U12W<\/strong>: 2. Kaya Hirschi, 4. Fabienne M\u00fcller, 15. Marina Wicki <strong>U12M<\/strong>: 13. C\u00e9dric Weber, 14. Jonas M\u00fcller <strong>U16W<\/strong>: 10. Lisa Sch\u00fcpbach<\/p>\n","protected":false},"excerpt":{"rendered":"<p>Ein intensives Wochenende stand der L\u00e4uferriege Neuenkirch am \u00a031. Januar und 1. Februar bevor. Am Samstag war mit dem Kids-Cup eines der vielen Saisonhighlights auf &hellip;<\/p>\n","protected":false},"author":1,"featured_media":0,"comment_status":"closed","ping_status":"closed","sticky":false,"template":"","format":"standard","meta":{"_themeisle_gutenberg_block_has_review":false,"footnotes":""},"categories":[9],"tags":[],"class_list":["post-9465","post","type-post","status-publish","format-standard","hentry","category-news"],"_links":{"self":[{"href":"https:\/\/www.laeuferriege-neuenkirch.ch\/index.php?rest_route=\/wp\/v2\/posts\/9465","targetHints":{"allow":["GET"]}}],"collection":[{"href":"https:\/\/www.laeuferriege-neuenkirch.ch\/index.php?rest_route=\/wp\/v2\/posts"}],"about":[{"href":"https:\/\/www.laeuferriege-neuenkirch.ch\/index.php?rest_route=\/wp\/v2\/types\/post"}],"author":[{"embeddable":true,"href":"https:\/\/www.laeuferriege-neuenkirch.ch\/index.php?rest_route=\/wp\/v2\/users\/1"}],"replies":[{"embeddable":true,"href":"https:\/\/www.laeuferriege-neuenkirch.ch\/index.php?rest_route=%2Fwp%2Fv2%2Fcomments&post=9465"}],"version-history":[{"count":1,"href":"https:\/\/www.laeuferriege-neuenkirch.ch\/index.php?rest_route=\/wp\/v2\/posts\/9465\/revisions"}],"predecessor-version":[{"id":9466,"href":"https:\/\/www.laeuferriege-neuenkirch.ch\/index.php?rest_route=\/wp\/v2\/posts\/9465\/revisions\/9466"}],"wp:attachment":[{"href":"https:\/\/www.laeuferriege-neuenkirch.ch\/index.php?rest_route=%2Fwp%2Fv2%2Fmedia&parent=9465"}],"wp:term":[{"taxonomy":"category","embeddable":true,"href":"https:\/\/www.laeuferriege-neuenkirch.ch\/index.php?rest_route=%2Fwp%2Fv2%2Fcategories&post=9465"},{"taxonomy":"post_tag","embeddable":true,"href":"https:\/\/www.laeuferriege-neuenkirch.ch\/index.php?rest_route=%2Fwp%2Fv2%2Ftags&post=9465"}],"curies":[{"name":"wp","href":"https:\/\/api.w.org\/{rel}","templated":true}]}}