{"id":9460,"date":"2015-01-18T20:00:27","date_gmt":"2015-01-18T19:00:27","guid":{"rendered":"http:\/\/www.laeuferriege-neuenkirch.ch\/?p=9460"},"modified":"2015-01-31T15:31:45","modified_gmt":"2015-01-31T14:31:45","slug":"ein-haertetest-und-ein-feuerwerk-zu-beginn-der-cross-saison-fuer-die-lr-neuenkirch","status":"publish","type":"post","link":"https:\/\/www.laeuferriege-neuenkirch.ch\/?p=9460","title":{"rendered":"Ein H\u00e4rtetest und ein Feuerwerk zu Beginn der Cross-Saison f\u00fcr die LR Neuenkirch"},"content":{"rendered":"<p><strong>Gleich zwei Cross-Rennen hat die LR Neuenkirch in den letzten beiden Wochen absolviert. Die Truppe um Pia Hauser und Conny W\u00fcest hatte ein schwieriges Auftaktrennen zu absolvieren. Die gesammelten Erfahrungen vom ersten Rennen machten sich aber am zweiten Wochenende ausbezahlt.<\/strong><\/p>\n<p><!--more-->Am Wochenende des 11. Januars stand in Affoltern am Albis der Auftakt in die Crosslauf-Saison auf dem Programm. Der erste von vier Wertungsl\u00e4ufen des Innerschweizer Jugend Cross-Cups hatte es in sich. Denn es war gleichzeitig auch der Kantonalfinal der Z\u00fcrcher und dementsprechend mit hochkar\u00e4tiger Konkurrenz besetzt. Dazu kamen garstige \u00e4ussere Bedingungen mit Regen, Matsch und eisiger K\u00e4lte. Nichtsdestotrotz st\u00fcrzten sich die mutigsten Neuenkircher in das Abenteuer am Albis. Mit der ausserkantonalen Konkurrenz wurde bis zur Ziellinie gek\u00e4mpft und am Ende schauten einige Top-Ten-Klassierungen heraus. Das erste Rennen pr\u00e4sentierte sich als Knacknuss, sollte aber eine gute Vorbereitung f\u00fcr das n\u00e4chste werden.<\/p>\n<p>Auszug aus der Rangliste vom 11. Januar:<\/p>\n<ul>\n<li>U10W: 7. B\u00fchlmann Jana, 9. Hirschi Kim, 13. M\u00fcller Flavia<\/li>\n<li>U12W: 5. Hirschi Kaya, 9. M\u00fcller Fabienne, 10. Wicki Marina<\/li>\n<li>U12M: 14. M\u00fcller Jonas, 18. Weber C\u00e9dric<\/li>\n<li>U16W: 18. Sch\u00fcpbach Lisa, 23. Hirschi Tamara<\/li>\n<li>U16M: 30. Krummenacher Nicola<\/li>\n<\/ul>\n<p><a href=\"https:\/\/www.laeuferriege-neuenkirch.ch\/wp-content\/uploads\/2015\/01\/20150118_141636_65.jpg\" rel=\"lightbox[9460]\"><img loading=\"lazy\" decoding=\"async\" class=\" size-medium wp-image-9458 alignright\" src=\"https:\/\/www.laeuferriege-neuenkirch.ch\/wp-content\/uploads\/2015\/01\/20150118_141636_65-300x200.jpg\" alt=\"20150118_141636_65\" width=\"300\" height=\"200\" srcset=\"https:\/\/www.laeuferriege-neuenkirch.ch\/wp-content\/uploads\/2015\/01\/20150118_141636_65-300x200.jpg 300w, https:\/\/www.laeuferriege-neuenkirch.ch\/wp-content\/uploads\/2015\/01\/20150118_141636_65-75x50.jpg 75w, https:\/\/www.laeuferriege-neuenkirch.ch\/wp-content\/uploads\/2015\/01\/20150118_141636_65.jpg 800w\" sizes=\"auto, (max-width: 300px) 100vw, 300px\" \/><\/a>Am 18. Januar dann war der grosse Moment f\u00fcr die Innerschweizer. Der zweite Wertungslauf in Gettnau z\u00e4hlte gleichzeitig als Innerschweizer Crossmeisterschaft. Bei viel besseren Bedingungen kam die Wettkampffreude bei den Neuenkircher Athleten auf. Obwohl einige aus Verletzungs- oder Krankheitsgr\u00fcnden Forfait geben mussten, konnten Spitzenresultate abgeliefert werden. Allen voran zeigten Kaya Hirschi und Fabienne M\u00fcller ein Topresultat. Die beiden zogen schon zu Beginn weg und lieferten sich ein packendes Duell. Obwohl Fabienne anfangs noch gekonnt mithielt, musste sie Kaya in der zweiten Rennh\u00e4lfte ziehen lasen. Kaya lief ihren ersten Sieg in dieser Saison mit Vorsprung nach Hause. Mit Rang zwei darf aber auch Fabienne auf ein gelungenes Rennen zur\u00fcckschauen. Dank den f\u00fcnf weiteren Klassierungen in den Top Ten hat die LR Neuenkirch mit verkleinertem Teilnehmerfeld dennoch einen starken Eindruck hinterlassen und wertvolle Punkte f\u00fcr das Gesamtklassement gesammelt. Der n\u00e4chste Crosslauf findet am 1. Februar in Steinen statt. Die LR Neuenkirch freut sich auf viele Fans und Unterst\u00fctzung entlang des Parcours.<\/p>\n<p>Auszug aus der Rangliste vom 18. Januar:<\/p>\n<ul>\n<li>U10W:6. M\u00fcller Flavia, 9. Hirschi Kim<\/li>\n<li>U10M: 4. Brun Nando<\/li>\n<li>U12W: 1. Hirschi Kaya, 2. M\u00fcller Fabienne, 7. Wicki Marina<\/li>\n<li>U12M: 11. M\u00fcller Jonas, 12. Weber C\u00e9dric<\/li>\n<li>U16W: 16. Sch\u00fcpbach Lisa<\/li>\n<\/ul>\n<p><a title=\"18.01.2015 \u2013 Crosslauf Gettnau\" href=\"https:\/\/www.laeuferriege-neuenkirch.ch\/?p=9392\">Hier gibt es Fotos vom Crosslauf in Gettnau!<\/a><\/p>\n","protected":false},"excerpt":{"rendered":"<p>Gleich zwei Cross-Rennen hat die LR Neuenkirch in den letzten beiden Wochen absolviert. Die Truppe um Pia Hauser und Conny W\u00fcest hatte ein schwieriges Auftaktrennen &hellip;<\/p>\n","protected":false},"author":1,"featured_media":0,"comment_status":"closed","ping_status":"closed","sticky":false,"template":"","format":"standard","meta":{"_themeisle_gutenberg_block_has_review":false,"footnotes":""},"categories":[9],"tags":[],"class_list":["post-9460","post","type-post","status-publish","format-standard","hentry","category-news"],"_links":{"self":[{"href":"https:\/\/www.laeuferriege-neuenkirch.ch\/index.php?rest_route=\/wp\/v2\/posts\/9460","targetHints":{"allow":["GET"]}}],"collection":[{"href":"https:\/\/www.laeuferriege-neuenkirch.ch\/index.php?rest_route=\/wp\/v2\/posts"}],"about":[{"href":"https:\/\/www.laeuferriege-neuenkirch.ch\/index.php?rest_route=\/wp\/v2\/types\/post"}],"author":[{"embeddable":true,"href":"https:\/\/www.laeuferriege-neuenkirch.ch\/index.php?rest_route=\/wp\/v2\/users\/1"}],"replies":[{"embeddable":true,"href":"https:\/\/www.laeuferriege-neuenkirch.ch\/index.php?rest_route=%2Fwp%2Fv2%2Fcomments&post=9460"}],"version-history":[{"count":4,"href":"https:\/\/www.laeuferriege-neuenkirch.ch\/index.php?rest_route=\/wp\/v2\/posts\/9460\/revisions"}],"predecessor-version":[{"id":9464,"href":"https:\/\/www.laeuferriege-neuenkirch.ch\/index.php?rest_route=\/wp\/v2\/posts\/9460\/revisions\/9464"}],"wp:attachment":[{"href":"https:\/\/www.laeuferriege-neuenkirch.ch\/index.php?rest_route=%2Fwp%2Fv2%2Fmedia&parent=9460"}],"wp:term":[{"taxonomy":"category","embeddable":true,"href":"https:\/\/www.laeuferriege-neuenkirch.ch\/index.php?rest_route=%2Fwp%2Fv2%2Fcategories&post=9460"},{"taxonomy":"post_tag","embeddable":true,"href":"https:\/\/www.laeuferriege-neuenkirch.ch\/index.php?rest_route=%2Fwp%2Fv2%2Ftags&post=9460"}],"curies":[{"name":"wp","href":"https:\/\/api.w.org\/{rel}","templated":true}]}}