{"id":9378,"date":"2014-09-21T20:00:15","date_gmt":"2014-09-21T19:00:15","guid":{"rendered":"http:\/\/www.laeuferriege-neuenkirch.ch\/?p=9378"},"modified":"2014-09-26T07:07:03","modified_gmt":"2014-09-26T06:07:03","slug":"nasse-sprinter-am-schnellsten-neuenkircher","status":"publish","type":"post","link":"https:\/\/www.laeuferriege-neuenkirch.ch\/?p=9378","title":{"rendered":"Nasse Sprinter am \u201eschnellsten Neuenkircher\u201c"},"content":{"rendered":"<p><strong>Am Sonntag, 21. September belebte die Jubil\u00e4umsausgabe des \u201eschnellsten Neuenkirchers\u201c das Schulhausareal von Neuenkirch. Bereits zum 10. Mal suchte die L\u00e4uferriege Neuenkirch den Schnellsten und die Schnellste der Gemeinde. Gespannt wartete man auf den Auftritt der letztj\u00e4hrigen Siegerinnen und Sieger. Aber es kam nicht alles so, wie man es vorgesehen hatte.<\/strong><\/p>\n<p><!--more--><a href=\"https:\/\/www.laeuferriege-neuenkirch.ch\/wp-content\/uploads\/2014\/09\/20140921_113238_36.jpg\" rel=\"lightbox[9378]\"><img loading=\"lazy\" decoding=\"async\" class=\"alignleft size-medium wp-image-9196\" src=\"https:\/\/www.laeuferriege-neuenkirch.ch\/wp-content\/uploads\/2014\/09\/20140921_113238_36-300x199.jpg\" alt=\"20140921_113238_36\" width=\"300\" height=\"199\" srcset=\"https:\/\/www.laeuferriege-neuenkirch.ch\/wp-content\/uploads\/2014\/09\/20140921_113238_36-300x199.jpg 300w, https:\/\/www.laeuferriege-neuenkirch.ch\/wp-content\/uploads\/2014\/09\/20140921_113238_36-75x49.jpg 75w, https:\/\/www.laeuferriege-neuenkirch.ch\/wp-content\/uploads\/2014\/09\/20140921_113238_36.jpg 800w\" sizes=\"auto, (max-width: 300px) 100vw, 300px\" \/><\/a>Alles lief planm\u00e4ssig an diesem Sonntag in Neuenkirch. Die Vorl\u00e4ufe waren bereits durch, als sich mit Donnergrollen ein Gewitter ank\u00fcndigte. Kurz nach dem Startschuss der ersten Halbfinals, \u00f6ffnete Petrus dann die Schleusen und der anhaltende starke Regen setzte der Zeitmessungsanlage zu. Kurz darauf versagte das technische Equipment ganz und aufgrund der rutschig gewordenen Unterlage stufte das OK die Verletzungsgefahr als zu hoch ein. Der Event wurde nach diesen Einsch\u00e4tzungen des OKs abgebrochen. Als Basis f\u00fcr die Auswertung z\u00e4hlten die Zeiten aus der Qualifikation, welche alle L\u00e4uferinnen und L\u00e4ufer absolvieren konnten.<\/p>\n<p><a href=\"https:\/\/www.laeuferriege-neuenkirch.ch\/wp-content\/uploads\/2014\/09\/20140921_131944_162.jpg\" rel=\"lightbox[9378]\"><img loading=\"lazy\" decoding=\"async\" class=\"size-medium wp-image-9322 alignright\" src=\"https:\/\/www.laeuferriege-neuenkirch.ch\/wp-content\/uploads\/2014\/09\/20140921_131944_162-300x199.jpg\" alt=\"20140921_131944_162\" width=\"300\" height=\"199\" srcset=\"https:\/\/www.laeuferriege-neuenkirch.ch\/wp-content\/uploads\/2014\/09\/20140921_131944_162-300x199.jpg 300w, https:\/\/www.laeuferriege-neuenkirch.ch\/wp-content\/uploads\/2014\/09\/20140921_131944_162-75x49.jpg 75w, https:\/\/www.laeuferriege-neuenkirch.ch\/wp-content\/uploads\/2014\/09\/20140921_131944_162.jpg 800w\" sizes=\"auto, (max-width: 300px) 100vw, 300px\" \/><\/a>Ungew\u00f6hnlich fr\u00fch fielen also an diesem nassen Sonntag die W\u00fcrfel. Wie immer spielte eine solche ungeplante \u00c4nderung des Wettkampfes in die H\u00e4nde der einen und benachteiligte andere. F\u00fcr allf\u00e4llige Entt\u00e4uschungen entschuldigt sich die LR Neuenkirch und hofft, in Zukunft auf mehr Wettergl\u00fcck z\u00e4hlen zu d\u00fcrfen.<\/p>\n<p><a href=\"https:\/\/www.laeuferriege-neuenkirch.ch\/wp-content\/uploads\/2014\/09\/20140921_161203_214.jpg\" rel=\"lightbox[9378]\"><img loading=\"lazy\" decoding=\"async\" class=\"alignleft size-medium wp-image-9374\" src=\"https:\/\/www.laeuferriege-neuenkirch.ch\/wp-content\/uploads\/2014\/09\/20140921_161203_214-200x300.jpg\" alt=\"20140921_161203_214\" width=\"200\" height=\"300\" srcset=\"https:\/\/www.laeuferriege-neuenkirch.ch\/wp-content\/uploads\/2014\/09\/20140921_161203_214-200x300.jpg 200w, https:\/\/www.laeuferriege-neuenkirch.ch\/wp-content\/uploads\/2014\/09\/20140921_161203_214-50x75.jpg 50w, https:\/\/www.laeuferriege-neuenkirch.ch\/wp-content\/uploads\/2014\/09\/20140921_161203_214.jpg 400w\" sizes=\"auto, (max-width: 200px) 100vw, 200px\" \/><\/a>Strahlende Sieger \u00fcberwiegten an diesem verregneten Nachmittag dann trotzdem noch und einmal mehr waren besonders die Kleinsten eine grosse Attraktion. Den begehrten Wanderpokal in der Hauptkategorie der \u201eschnellsten Neuenkircherin\u201c ging wiederholt an Nicole Brunner. Allen davon rannte auch Linus Fischer, Primarschullehrer in Neuenkirch. Er war zwar der schnellste an diesem Tag, wohnt aber in Zell und deshalb ging der Titel des \u201eschnellsten Neuenkirchers\u201c an Konrad Emmenegger, zweitplatzierter hinter Linus Fischer.<\/p>\n<p><a href=\"https:\/\/www.laeuferriege-neuenkirch.ch\/wp-content\/uploads\/2011\/03\/Rangliste-2014.pdf\" target=\"_blank\">Ab zu den Ranglisten!<\/a><\/p>\n<p><a title=\"21.09.14 \u2013 Schnellster Neuenkircher\" href=\"https:\/\/www.laeuferriege-neuenkirch.ch\/?p=9159\">Ab zu den Fotos!<\/a><\/p>\n","protected":false},"excerpt":{"rendered":"<p>Am Sonntag, 21. September belebte die Jubil\u00e4umsausgabe des \u201eschnellsten Neuenkirchers\u201c das Schulhausareal von Neuenkirch. Bereits zum 10. Mal suchte die L\u00e4uferriege Neuenkirch den Schnellsten und &hellip;<\/p>\n","protected":false},"author":1,"featured_media":0,"comment_status":"closed","ping_status":"closed","sticky":false,"template":"","format":"standard","meta":{"_themeisle_gutenberg_block_has_review":false,"footnotes":""},"categories":[9],"tags":[],"class_list":["post-9378","post","type-post","status-publish","format-standard","hentry","category-news"],"_links":{"self":[{"href":"https:\/\/www.laeuferriege-neuenkirch.ch\/index.php?rest_route=\/wp\/v2\/posts\/9378","targetHints":{"allow":["GET"]}}],"collection":[{"href":"https:\/\/www.laeuferriege-neuenkirch.ch\/index.php?rest_route=\/wp\/v2\/posts"}],"about":[{"href":"https:\/\/www.laeuferriege-neuenkirch.ch\/index.php?rest_route=\/wp\/v2\/types\/post"}],"author":[{"embeddable":true,"href":"https:\/\/www.laeuferriege-neuenkirch.ch\/index.php?rest_route=\/wp\/v2\/users\/1"}],"replies":[{"embeddable":true,"href":"https:\/\/www.laeuferriege-neuenkirch.ch\/index.php?rest_route=%2Fwp%2Fv2%2Fcomments&post=9378"}],"version-history":[{"count":3,"href":"https:\/\/www.laeuferriege-neuenkirch.ch\/index.php?rest_route=\/wp\/v2\/posts\/9378\/revisions"}],"predecessor-version":[{"id":9381,"href":"https:\/\/www.laeuferriege-neuenkirch.ch\/index.php?rest_route=\/wp\/v2\/posts\/9378\/revisions\/9381"}],"wp:attachment":[{"href":"https:\/\/www.laeuferriege-neuenkirch.ch\/index.php?rest_route=%2Fwp%2Fv2%2Fmedia&parent=9378"}],"wp:term":[{"taxonomy":"category","embeddable":true,"href":"https:\/\/www.laeuferriege-neuenkirch.ch\/index.php?rest_route=%2Fwp%2Fv2%2Fcategories&post=9378"},{"taxonomy":"post_tag","embeddable":true,"href":"https:\/\/www.laeuferriege-neuenkirch.ch\/index.php?rest_route=%2Fwp%2Fv2%2Ftags&post=9378"}],"curies":[{"name":"wp","href":"https:\/\/api.w.org\/{rel}","templated":true}]}}