{"id":9070,"date":"2014-08-24T20:00:19","date_gmt":"2014-08-24T19:00:19","guid":{"rendered":"http:\/\/www.laeuferriege-neuenkirch.ch\/?p=9070"},"modified":"2014-08-29T16:38:43","modified_gmt":"2014-08-29T15:38:43","slug":"polysportives-wochenende-fuer-die-lr-neuenkirch","status":"publish","type":"post","link":"https:\/\/www.laeuferriege-neuenkirch.ch\/?p=9070","title":{"rendered":"Polysportives Wochenende f\u00fcr die LR Neuenkirch"},"content":{"rendered":"<p><strong>Zwei intensive Tage standen der LR Neuenkirch zu Beginn der zweiten Saisonh\u00e4lfte bevor. Am 23. und 24. August warteten gleich zwei Wettk\u00e4mpfe und nicht ganz das \u00fcbliche Programm auf die L\u00e4uferinnen und L\u00e4ufer der LRN.<\/strong><\/p>\n<p><!--more-->Vor kurzem beheimatete der Letzigrund in Z\u00fcrich noch die Leichtathletik-Elite aus ganz Europa, am Samstag, 23. August dann bereits die Nachwuchstalente aus der Schweiz. Die Kids-Cup-Biathlon-Stafette lockte mit dem spielerisch angehauchten Wettkampf zahlreiche Teams aus einem grossen Einzugsgebiet an. Folgende Regeln galten: W\u00e4hrendem f\u00fcnf Kinder jeweils 20m Sprinten und mit einem gut gezielten Ballwurf ein Puzzleteil erspielen k\u00f6nnen, ist ein Kind zust\u00e4ndig daf\u00fcr, das Puzzle zusammenzusetzen. Gewonnen am Schluss hat logischerweise das Team, welches am schnellsten ein vollst\u00e4ndiges Puzzle vorweisen konnte. Die LR-Teams strengten sich zwar an und konnten sich im zweiten Durchgang steigern, doch reichte es keinem Team unter die besten 6. Der Spass kam trotzdem nicht zu kurz: Das attraktive Rahmenprogramm erm\u00f6glichte unter anderem den direkten Austausch mit den grossen Stars der Schweizer Szene, was sicherlich ein grosser Ansporn f\u00fcr zuk\u00fcnftige Trainings sein wird.<\/p>\n<p>Am Sonntag, 24. August, wartete in Rothenburg mit dem Run&amp;Walk-Event eine etwas anstrengendere und ernstere Herausforderung auf die L\u00e4uferriegler. Einige sp\u00fcrten noch ein wenig die Sommerferien in den Beinen, andere konnten \u00fcber die Distanzen von 1km bis 8km bereits gross Auftrumpfen und wichtiges Selbstvertrauen fassen. Mit sieben Podestpl\u00e4tzen und insgesamt 13 Top-Ten Platzierungen haben die L\u00e4uferInnen zu einem gegl\u00fcckten Auftakt in die zweite Saisonh\u00e4lfte beigetragen.<\/p>\n<p>Auszug aus der Rangliste:<\/p>\n<p><strong>Piccola M\u00e4dchen,1km:<\/strong> Kim Hirschi (5:05,2) \/ <strong>Piccolo Knaben, 1km:<\/strong> 1. Silas B\u00fchlmann (4:07,8); 7. Tim Wiederkehr (5:00,9) \/ <strong>Sch\u00fclerinnen D, 1km:<\/strong> 1. Kaya Hirschi (3:52,9) ; 3. Fabienne M\u00fcller (3:55,7)<br \/>\n<strong>Sch\u00fcler D, 1km:<\/strong> 7. Jonas M\u00fcller (3.59,3); 9. Cedric Weber (4:03,7)<br \/>\n<strong>Sch\u00fclerinnen C, 2.4km:<\/strong> 6. Janine Weber (12:01,0) \/ Sch\u00fcler C, 2.4km: 3. Jonas Bucher (9:45,9) \/ <strong>Sch\u00fclerinnen B, 2.4km:<\/strong> 3. Tamara Hirschi (10:27,5) \/ <strong>Junioren B, 8km:<\/strong> 1. Max Krauer (29:47,0)<br \/>\n<strong>Juniorinnen A, 8km:<\/strong> 3. Tina Loosli (38:41,3) \/ <strong>Frauen, 8km:<\/strong> 7. Karin Peter (34:31,2)<\/p>\n<p><a title=\"24.08.14 \u2013 Run &amp; Walk Event Rothenburg\" href=\"https:\/\/www.laeuferriege-neuenkirch.ch\/?p=9030\">Fotos vom Run&amp;Walk-Event in Rothenburg<\/a><\/p>\n","protected":false},"excerpt":{"rendered":"<p>Zwei intensive Tage standen der LR Neuenkirch zu Beginn der zweiten Saisonh\u00e4lfte bevor. Am 23. und 24. August warteten gleich zwei Wettk\u00e4mpfe und nicht ganz &hellip;<\/p>\n","protected":false},"author":1,"featured_media":0,"comment_status":"closed","ping_status":"closed","sticky":false,"template":"","format":"standard","meta":{"_themeisle_gutenberg_block_has_review":false,"footnotes":""},"categories":[9],"tags":[],"class_list":["post-9070","post","type-post","status-publish","format-standard","hentry","category-news"],"_links":{"self":[{"href":"https:\/\/www.laeuferriege-neuenkirch.ch\/index.php?rest_route=\/wp\/v2\/posts\/9070","targetHints":{"allow":["GET"]}}],"collection":[{"href":"https:\/\/www.laeuferriege-neuenkirch.ch\/index.php?rest_route=\/wp\/v2\/posts"}],"about":[{"href":"https:\/\/www.laeuferriege-neuenkirch.ch\/index.php?rest_route=\/wp\/v2\/types\/post"}],"author":[{"embeddable":true,"href":"https:\/\/www.laeuferriege-neuenkirch.ch\/index.php?rest_route=\/wp\/v2\/users\/1"}],"replies":[{"embeddable":true,"href":"https:\/\/www.laeuferriege-neuenkirch.ch\/index.php?rest_route=%2Fwp%2Fv2%2Fcomments&post=9070"}],"version-history":[{"count":4,"href":"https:\/\/www.laeuferriege-neuenkirch.ch\/index.php?rest_route=\/wp\/v2\/posts\/9070\/revisions"}],"predecessor-version":[{"id":9074,"href":"https:\/\/www.laeuferriege-neuenkirch.ch\/index.php?rest_route=\/wp\/v2\/posts\/9070\/revisions\/9074"}],"wp:attachment":[{"href":"https:\/\/www.laeuferriege-neuenkirch.ch\/index.php?rest_route=%2Fwp%2Fv2%2Fmedia&parent=9070"}],"wp:term":[{"taxonomy":"category","embeddable":true,"href":"https:\/\/www.laeuferriege-neuenkirch.ch\/index.php?rest_route=%2Fwp%2Fv2%2Fcategories&post=9070"},{"taxonomy":"post_tag","embeddable":true,"href":"https:\/\/www.laeuferriege-neuenkirch.ch\/index.php?rest_route=%2Fwp%2Fv2%2Ftags&post=9070"}],"curies":[{"name":"wp","href":"https:\/\/api.w.org\/{rel}","templated":true}]}}