{"id":9021,"date":"2014-06-14T20:00:46","date_gmt":"2014-06-14T19:00:46","guid":{"rendered":"http:\/\/www.laeuferriege-neuenkirch.ch\/?p=9021"},"modified":"2014-06-20T13:14:01","modified_gmt":"2014-06-20T12:14:01","slug":"hellebardenlauf-in-sempach","status":"publish","type":"post","link":"https:\/\/www.laeuferriege-neuenkirch.ch\/?p=9021","title":{"rendered":"Hellebardenlauf in Sempach"},"content":{"rendered":"<p><strong>Am Wochenende des 14.\/15. Junis fanden gleich zwei Wettk\u00e4mpfe statt, die im Jahreskalender der LR Neuenkirch einen hohen Stellenwert geniessen. Der Hellebardenlauf in Sempach ist quasi ein Heimrennen f\u00fcr die Neuenkircher und am Kantonalfinal des Kids Cups kann einer der begehrten Startpl\u00e4tze f\u00fcr den Schweizerfinal ergattert werden. Bei letzterem Event d\u00fcrfen nur diejenigen Athleten antreten, welche sich im Vorfeld \u00fcber einen Regionalfinal qualifiziert hatten. So mussten sich nur ganz wenige f\u00fcr einen Einsatz entscheiden, alle anderen reisten zusammen mit Pia und Conny nach Sempach an den Hellebardenlauf.<\/strong><\/p>\n<p><!--more--><a href=\"https:\/\/www.laeuferriege-neuenkirch.ch\/wp-content\/uploads\/2014\/06\/Tamara-Hirschi_Hellebardenlauf.jpg\" rel=\"lightbox[9021]\"><img loading=\"lazy\" decoding=\"async\" class=\"alignleft size-medium wp-image-9027\" src=\"https:\/\/www.laeuferriege-neuenkirch.ch\/wp-content\/uploads\/2014\/06\/Tamara-Hirschi_Hellebardenlauf-300x200.jpg\" alt=\"Tamara Hirschi_Hellebardenlauf\" width=\"300\" height=\"200\" srcset=\"https:\/\/www.laeuferriege-neuenkirch.ch\/wp-content\/uploads\/2014\/06\/Tamara-Hirschi_Hellebardenlauf-300x200.jpg 300w, https:\/\/www.laeuferriege-neuenkirch.ch\/wp-content\/uploads\/2014\/06\/Tamara-Hirschi_Hellebardenlauf-75x50.jpg 75w, https:\/\/www.laeuferriege-neuenkirch.ch\/wp-content\/uploads\/2014\/06\/Tamara-Hirschi_Hellebardenlauf.jpg 600w\" sizes=\"auto, (max-width: 300px) 100vw, 300px\" \/><\/a>Im Sempach konnten vor allem drei Athleten auftrumpfen. Tamara Hirschi errang in der Sch\u00fclerkategorie ihren ersten Saisonsieg \u00fcber die f\u00fcr sie ungewohnt kurze Distanz von einem Kilometer. Sie setzte sich im Schlussspurt knapp gegen die Zweitplatzierte durch und lief diesen wichtigen Sieg nach Hause. Auch Fabienne M\u00fcller konnte sich mit ihrem 3. Platz eine Medaille sichern. Fabienne l\u00e4uft immer wieder in die Top 5 und unterstrich mit diesem Resultat ihre konstant guten Leistungen. Die dritte und goldene Medaille f\u00fcr die LR Neuenkirch holte Max Krauer \u00fcber die K\u00f6nigsdisziplin von 16.1km in einer hervorragenden Zeit von 1.06.21 Stunden.<\/p>\n<p>&nbsp;<\/p>\n<p>Auszug aus der Rangliste:<br \/>\n<strong>M\u00e4dchen U8<\/strong>: 4. Hirschi Kim; <strong>Knaben U8<\/strong>: 19. Wiederkehr Tim; <strong>M\u00e4dchen U10<\/strong>: 3. M\u00fcller Fabienne, 61. Waldisp\u00fchl Ronja; <strong>Knaben U10<\/strong>: 28. Helfenstein Jonas, 31. Peter Joel; <strong>M\u00e4dchen U12<\/strong>: 4. Hirschi Kaya, 13. Weber Janine, 23. Wiederkehr Kim; <strong>Knaben U14<\/strong>: 19. M\u00fcller Jonas, 26. Graf Michael; <strong>M\u00e4dchen U14<\/strong>: 1. Hirschi Tamara<br \/>\n<strong>Hellebardino M\u00e4nner U18<\/strong>: 7. Achermann Sven, 12. Krummenacher Nicola, 35. Weber C\u00e9dric (j\u00fcngster Teilnehmer im Feld); <strong>Hellebardino Frauen U18<\/strong>: 7. Hirschi Tamara, 16. Limacher Luana, 17. Helfenstein Deborah, 22. Hirschi Kaya (j\u00fcngste Teilnehmerin im Feld), 25. Weber Janine (zweitj\u00fcngste Teilnehmerin)<br \/>\n<strong>Hellebardenlauf MU20<\/strong>: 1. Krauer Max (1.06.21, over all 55.) <strong>M20<\/strong>: 13. Wolfisberg Raphael (1.05.02, over all 43.),<\/p>\n<p>Zur gleichen Zeit waren sieben Athleten und Athletinnen der LRN in Reussb\u00fchl im Einsatz. In den drei Disziplinen Laufen (60m Sprint), Springen (Weitsprung) und Werfen (200g Ballwurf) massen sie sich mit den Besten des Kantons. Durch den Kategoriensieg konnte man sich direkt f\u00fcr den Schweizerfinal qualifizieren, der im August im Z\u00fcrcher Letzigrund stattfindet. Leider schaffte aus den Reihen der LRN niemand die direkte Qualifikation, mit den beiden zweiten R\u00e4ngen von Jonas Bucher und Ennio Brun haben wir aber zwei \u201eLucky Looser\u201c. Diese k\u00f6nnen sich durch ihre Punktezahl ins Final man\u00f6vrieren, sollten sie zu den f\u00fcnf besten der Schweiz z\u00e4hlen, welche die Qualifikation nicht direkt erreichen.<\/p>\n<p>Auszug aus der Rangliste:<br \/>\n<strong>M7<\/strong>: 2. Brun Ennio; <strong>M8<\/strong>: 5. B\u00fchlmann Silas, 6. Brun Nando; <strong>M11<\/strong>: 2. Bucher Jonas; <strong>M12<\/strong>: 7. B\u00fchlmann Kilian<br \/>\n<strong>W8<\/strong>: 18. B\u00fchlmann Jana; <strong>W11<\/strong>: 8.Gloggner Lean<\/p>\n","protected":false},"excerpt":{"rendered":"<p>Am Wochenende des 14.\/15. Junis fanden gleich zwei Wettk\u00e4mpfe statt, die im Jahreskalender der LR Neuenkirch einen hohen Stellenwert geniessen. Der Hellebardenlauf in Sempach ist &hellip;<\/p>\n","protected":false},"author":1,"featured_media":0,"comment_status":"closed","ping_status":"closed","sticky":false,"template":"","format":"standard","meta":{"_themeisle_gutenberg_block_has_review":false,"footnotes":""},"categories":[9],"tags":[],"class_list":["post-9021","post","type-post","status-publish","format-standard","hentry","category-news"],"_links":{"self":[{"href":"https:\/\/www.laeuferriege-neuenkirch.ch\/index.php?rest_route=\/wp\/v2\/posts\/9021","targetHints":{"allow":["GET"]}}],"collection":[{"href":"https:\/\/www.laeuferriege-neuenkirch.ch\/index.php?rest_route=\/wp\/v2\/posts"}],"about":[{"href":"https:\/\/www.laeuferriege-neuenkirch.ch\/index.php?rest_route=\/wp\/v2\/types\/post"}],"author":[{"embeddable":true,"href":"https:\/\/www.laeuferriege-neuenkirch.ch\/index.php?rest_route=\/wp\/v2\/users\/1"}],"replies":[{"embeddable":true,"href":"https:\/\/www.laeuferriege-neuenkirch.ch\/index.php?rest_route=%2Fwp%2Fv2%2Fcomments&post=9021"}],"version-history":[{"count":5,"href":"https:\/\/www.laeuferriege-neuenkirch.ch\/index.php?rest_route=\/wp\/v2\/posts\/9021\/revisions"}],"predecessor-version":[{"id":9028,"href":"https:\/\/www.laeuferriege-neuenkirch.ch\/index.php?rest_route=\/wp\/v2\/posts\/9021\/revisions\/9028"}],"wp:attachment":[{"href":"https:\/\/www.laeuferriege-neuenkirch.ch\/index.php?rest_route=%2Fwp%2Fv2%2Fmedia&parent=9021"}],"wp:term":[{"taxonomy":"category","embeddable":true,"href":"https:\/\/www.laeuferriege-neuenkirch.ch\/index.php?rest_route=%2Fwp%2Fv2%2Fcategories&post=9021"},{"taxonomy":"post_tag","embeddable":true,"href":"https:\/\/www.laeuferriege-neuenkirch.ch\/index.php?rest_route=%2Fwp%2Fv2%2Ftags&post=9021"}],"curies":[{"name":"wp","href":"https:\/\/api.w.org\/{rel}","templated":true}]}}