{"id":8585,"date":"2014-05-28T20:00:19","date_gmt":"2014-05-28T19:00:19","guid":{"rendered":"http:\/\/www.laeuferriege-neuenkirch.ch\/?p=8585"},"modified":"2014-06-04T18:02:31","modified_gmt":"2014-06-04T17:02:31","slug":"laeuferriege-neuenkirch-6-wochen-unterwegs","status":"publish","type":"post","link":"https:\/\/www.laeuferriege-neuenkirch.ch\/?p=8585","title":{"rendered":"L\u00e4uferriege Neuenkirch \u2013 6 Wochen unterwegs"},"content":{"rendered":"<p><strong>Einige der L\u00e4uferinnen und L\u00e4ufer der LR Neuenkirch haben sich w\u00e4hrend den letzten 6 Wochen ein besonderes Mittwochs \u2013 \u201aTraining\u2018 ausgesucht: Als Teilnehmende der Go-In-6-Weeks-Laufserie hiess es jeden Mittwochabend an einem anderem Ort im Kanton Luzern die Laufschuhe schn\u00fcren und einen Abendlauf auf meist h\u00fcgeligem Terrain abzuspulen.<\/strong><\/p>\n<p><!--more-->Klein und Gross lieb\u00e4ugelte dabei stets mit der Gesamtwertung und hoffte beim abschliessenden 6. Lauf an der Preisverleihung ein W\u00f6rtchen mitreden zu k\u00f6nnen. Denn wer es in die Gesamtwertung geschafft hat, wurde von den Organisatoren der Go-In-6-Weeks grossz\u00fcgig belohnt. Ob an einem oder allen 6 Abenden dabei: Die L\u00e4uferriege hat gezeigt, dass die Fr\u00fchform stimmt und sich die harten Wintertrainings gelohnt haben.<\/p>\n<p>Auszug aus den Ranglisten (unterschiedliche Anzahl L\u00e4ufe absolviert):<br \/>\nFabienne M\u00fcller (2., 2., 1., 1., 1.), Jana B\u00fchlmann (5., 4., 2., 2., 4.), Silas B\u00fchlmann (4., 3., 6.), Jonas Bucher (2., 2., 2.), Jonas M\u00fcller (2., 5., 4., 4., 2., 5.), Michael Graf (6.), Kim Wiederkehr (7., 1., 6., 3., 8.), Tamara Hirschi (1., 1., 1., 1., 1.), Nicola Krummenacher (2., 1.), Tina Loosli (2., 3.), Luana Limacher (4.), Sven Achermann (1., 2., 1., 1., 1., 1.), Max Krauer (2., 2.), Karin Peter (4., 2., 3., 3., 3., 1.), Michi W\u00fcest (14.)<\/p>\n<p>Gesamtwertung (mind. 5 Teilnahmen):<\/p>\n<ul>\n<li>M\u00e4dchen U10: 1. Fabienne M\u00fcller, 2. Jana B\u00fchlmann<\/li>\n<li>M\u00e4dchen U12: 3. Kim Wiederkehr<\/li>\n<li>Knaben U12: 3. Jonas M\u00fcller<\/li>\n<li>M\u00e4dchen U14: 1. Tamara Hirschi<\/li>\n<li>Knaben U16: 1. Sven Achermann<\/li>\n<li>Frauen F20: 1. Karin Peter<\/li>\n<\/ul>\n<p><a title=\"28.05.14 \u2013 GO-IN6WEEKS Buttisholz\" href=\"https:\/\/www.laeuferriege-neuenkirch.ch\/?p=8519\">Hier gibt&#8217;s Fotos vom letzten Lauf in Buttisholz<\/a><\/p>\n","protected":false},"excerpt":{"rendered":"<p>Einige der L\u00e4uferinnen und L\u00e4ufer der LR Neuenkirch haben sich w\u00e4hrend den letzten 6 Wochen ein besonderes Mittwochs \u2013 \u201aTraining\u2018 ausgesucht: Als Teilnehmende der Go-In-6-Weeks-Laufserie &hellip;<\/p>\n","protected":false},"author":1,"featured_media":0,"comment_status":"closed","ping_status":"closed","sticky":false,"template":"","format":"standard","meta":{"_themeisle_gutenberg_block_has_review":false,"footnotes":""},"categories":[9],"tags":[],"class_list":["post-8585","post","type-post","status-publish","format-standard","hentry","category-news"],"_links":{"self":[{"href":"https:\/\/www.laeuferriege-neuenkirch.ch\/index.php?rest_route=\/wp\/v2\/posts\/8585","targetHints":{"allow":["GET"]}}],"collection":[{"href":"https:\/\/www.laeuferriege-neuenkirch.ch\/index.php?rest_route=\/wp\/v2\/posts"}],"about":[{"href":"https:\/\/www.laeuferriege-neuenkirch.ch\/index.php?rest_route=\/wp\/v2\/types\/post"}],"author":[{"embeddable":true,"href":"https:\/\/www.laeuferriege-neuenkirch.ch\/index.php?rest_route=\/wp\/v2\/users\/1"}],"replies":[{"embeddable":true,"href":"https:\/\/www.laeuferriege-neuenkirch.ch\/index.php?rest_route=%2Fwp%2Fv2%2Fcomments&post=8585"}],"version-history":[{"count":3,"href":"https:\/\/www.laeuferriege-neuenkirch.ch\/index.php?rest_route=\/wp\/v2\/posts\/8585\/revisions"}],"predecessor-version":[{"id":8588,"href":"https:\/\/www.laeuferriege-neuenkirch.ch\/index.php?rest_route=\/wp\/v2\/posts\/8585\/revisions\/8588"}],"wp:attachment":[{"href":"https:\/\/www.laeuferriege-neuenkirch.ch\/index.php?rest_route=%2Fwp%2Fv2%2Fmedia&parent=8585"}],"wp:term":[{"taxonomy":"category","embeddable":true,"href":"https:\/\/www.laeuferriege-neuenkirch.ch\/index.php?rest_route=%2Fwp%2Fv2%2Fcategories&post=8585"},{"taxonomy":"post_tag","embeddable":true,"href":"https:\/\/www.laeuferriege-neuenkirch.ch\/index.php?rest_route=%2Fwp%2Fv2%2Ftags&post=8585"}],"curies":[{"name":"wp","href":"https:\/\/api.w.org\/{rel}","templated":true}]}}