{"id":8426,"date":"2014-04-12T20:00:37","date_gmt":"2014-04-12T19:00:37","guid":{"rendered":"http:\/\/www.laeuferriege-neuenkirch.ch\/?p=8426"},"modified":"2014-04-28T10:55:06","modified_gmt":"2014-04-28T09:55:06","slug":"lr-neuenkirch-lanciert-strassensaison-2014-am-rotseelauf","status":"publish","type":"post","link":"https:\/\/www.laeuferriege-neuenkirch.ch\/?p=8426","title":{"rendered":"LR Neuenkirch lanciert Strassensaison 2014 am Rotseelauf"},"content":{"rendered":"<p><strong>Bei herrlichen Bedingungen startete die LR Neuenkrich am Wochenende des 12. Aprils am Rotseelauf in Ebikon in die Strassensaison. Die von den Crossl\u00e4ufen und den Wintertrainings gest\u00e4rkten Athleten und Athletinnen wollten sich im ersten Rennen der Saison von der besten Seite zeigen \u2013 und dies gelang auch meistens.<\/strong><\/p>\n<p><!--more--><a href=\"https:\/\/www.laeuferriege-neuenkirch.ch\/wp-content\/uploads\/2014\/04\/20140412_123051_7.jpg\" rel=\"lightbox[8426]\"><img loading=\"lazy\" decoding=\"async\" class=\"size-medium wp-image-8379 alignright\" src=\"https:\/\/www.laeuferriege-neuenkirch.ch\/wp-content\/uploads\/2014\/04\/20140412_123051_7-300x199.jpg\" alt=\"20140412_123051_7\" width=\"300\" height=\"199\" srcset=\"https:\/\/www.laeuferriege-neuenkirch.ch\/wp-content\/uploads\/2014\/04\/20140412_123051_7-300x199.jpg 300w, https:\/\/www.laeuferriege-neuenkirch.ch\/wp-content\/uploads\/2014\/04\/20140412_123051_7-75x49.jpg 75w, https:\/\/www.laeuferriege-neuenkirch.ch\/wp-content\/uploads\/2014\/04\/20140412_123051_7.jpg 800w\" sizes=\"auto, (max-width: 300px) 100vw, 300px\" \/><\/a>Wie in den vergangenen Jahren starteten auch am 45. Rotseelauf wieder die Sch\u00fcler- und Sch\u00fclerinnenkategorien zusammen. Und die L\u00e4uferriegler mussten sich sputen, damit ihnen ihre Teamkolleginnen nicht den Rang abliefen. Alles in Allem war es ein gelungener Saisonstart, der f\u00fcr die bevorstehende Saison tolle Resultate verspricht.<\/p>\n<p>Der Auszug aus der Rangliste:<br \/>\n<strong>U10M<\/strong>: 3. Weber Cedric 4.30,7 \/ 5. Brun Nando 4.34,7 \/ 17. B\u00fchlmann Silas 5.03,9 \/ 20. Brun Ennio 5.22,9<br \/>\n<strong>U10W<\/strong>: 2. M\u00fcller Fabienne 4.22,6 \/ 13. B\u00fchlmann Jana 5.14,6 \/ 20. Hirschi Kim 5.47,4 \/ 22. Waldisp\u00fchl Ronja 5.53,6<br \/>\n<strong>U12M<\/strong>: 12. M\u00fcller Jonas 4.29,9 \/ 13. Graf Michael 4.36,1<br \/>\n<strong>U12W<\/strong>: 5. Hirschi Kaya 4.25,0 \/ 10. Weber Janine 4.44,7 \/ 16. Wiederkehr Kim 5.01,8<br \/>\n<strong>U14M<\/strong>: 4. Krummenacher Nicola 9.16,9<br \/>\n<strong>10k-U20W<\/strong>: 7. Hirschi Tamara 51.51<br \/>\n<strong>10k-U20M<\/strong>: 7. Krauer Maximilian 41.36,2 \/ 33. Achermann Sven 51.52,0<br \/>\nW20: 10. Peter Karin 47.04,4<\/p>\n<p><a title=\"12.04.14 \u2013 Rotseelauf Ebikon\" href=\"https:\/\/www.laeuferriege-neuenkirch.ch\/?p=8372\">Hier gibt es die Fotos!<\/a><\/p>\n","protected":false},"excerpt":{"rendered":"<p>Bei herrlichen Bedingungen startete die LR Neuenkrich am Wochenende des 12. Aprils am Rotseelauf in Ebikon in die Strassensaison. Die von den Crossl\u00e4ufen und den &hellip;<\/p>\n","protected":false},"author":1,"featured_media":0,"comment_status":"closed","ping_status":"closed","sticky":false,"template":"","format":"standard","meta":{"_themeisle_gutenberg_block_has_review":false,"footnotes":""},"categories":[9],"tags":[],"class_list":["post-8426","post","type-post","status-publish","format-standard","hentry","category-news"],"_links":{"self":[{"href":"https:\/\/www.laeuferriege-neuenkirch.ch\/index.php?rest_route=\/wp\/v2\/posts\/8426","targetHints":{"allow":["GET"]}}],"collection":[{"href":"https:\/\/www.laeuferriege-neuenkirch.ch\/index.php?rest_route=\/wp\/v2\/posts"}],"about":[{"href":"https:\/\/www.laeuferriege-neuenkirch.ch\/index.php?rest_route=\/wp\/v2\/types\/post"}],"author":[{"embeddable":true,"href":"https:\/\/www.laeuferriege-neuenkirch.ch\/index.php?rest_route=\/wp\/v2\/users\/1"}],"replies":[{"embeddable":true,"href":"https:\/\/www.laeuferriege-neuenkirch.ch\/index.php?rest_route=%2Fwp%2Fv2%2Fcomments&post=8426"}],"version-history":[{"count":4,"href":"https:\/\/www.laeuferriege-neuenkirch.ch\/index.php?rest_route=\/wp\/v2\/posts\/8426\/revisions"}],"predecessor-version":[{"id":8430,"href":"https:\/\/www.laeuferriege-neuenkirch.ch\/index.php?rest_route=\/wp\/v2\/posts\/8426\/revisions\/8430"}],"wp:attachment":[{"href":"https:\/\/www.laeuferriege-neuenkirch.ch\/index.php?rest_route=%2Fwp%2Fv2%2Fmedia&parent=8426"}],"wp:term":[{"taxonomy":"category","embeddable":true,"href":"https:\/\/www.laeuferriege-neuenkirch.ch\/index.php?rest_route=%2Fwp%2Fv2%2Fcategories&post=8426"},{"taxonomy":"post_tag","embeddable":true,"href":"https:\/\/www.laeuferriege-neuenkirch.ch\/index.php?rest_route=%2Fwp%2Fv2%2Ftags&post=8426"}],"curies":[{"name":"wp","href":"https:\/\/api.w.org\/{rel}","templated":true}]}}