{"id":8367,"date":"2014-03-16T20:00:04","date_gmt":"2014-03-16T19:00:04","guid":{"rendered":"http:\/\/www.laeuferriege-neuenkirch.ch\/?p=8367"},"modified":"2014-04-08T07:54:27","modified_gmt":"2014-04-08T06:54:27","slug":"crosslauf-saison-2014","status":"publish","type":"post","link":"https:\/\/www.laeuferriege-neuenkirch.ch\/?p=8367","title":{"rendered":"Crosslauf-Saison 2014"},"content":{"rendered":"<p><strong>Affoltern, Benken und Neuenkirch hiessen in diesem Winter die Austragungsorte der 3 Crossl\u00e4ufe, welche zum Innerschweizer Jugend Cross Cup 2014 geh\u00f6ren. Da f\u00fcr die diesj\u00e4hrige Cross-Saison lediglich 3 Veranstalter gefunden werden konnten, bedeutete dies f\u00fcr die L\u00e4uferinnen und L\u00e4ufer, dass es kein Streichresultat mehr gibt. Nichts destotrotz nahmen einige L\u00e4uferinnen und L\u00e4ufer der LR Neuenkirch die Herausforderung \u201aCrosslauf\u2018 auf sich. Dienen die Crossl\u00e4ufe doch oft als motivierende Abwechslung im harten Wintertraining.<\/strong><\/p>\n<p><!--more-->Dass sich dieses auszahlt, bewiesen die jungen Cracks eindr\u00fccklich. Die Bilanz in der Schlussrangliste vom Jugend Cross Cup sieht wie folgt aus:<\/p>\n<ul>\n<li><strong>Sch\u00fclerinnen U 10<\/strong>: 5. Fabienne M\u00fcller, 25. Jana B\u00fchlmann, 26. Kim Hirschi, 28. Ronja Waldisb\u00fchl<\/li>\n<li><strong>Sch\u00fcler U10<\/strong>: 5. Silas B\u00fchlmann, 10. Cedric Weber, 29. Joel Peter, 42. Ennio Brun<\/li>\n<li><strong>Sch\u00fclerinnen U12<\/strong>: 4. Kaya Hirschi, 9. Janine Weber, 19. Leana Gloggner, 31. Lea Geisseler, 32. Marina Wicki, 54. Kim Wiederkehr<\/li>\n<li><strong>Sch\u00fcler U12<\/strong>: 10. Jonas M\u00fcller, 25. Jonas Bucher, 49. Levin Schaffhauser, 51. Michael Graf<\/li>\n<li><strong>Sch\u00fclerinnen U14<\/strong>: 5. Tamara Hirschi<\/li>\n<li><strong>Sch\u00fcler U14<\/strong>: 4. Sandro Pellizzoni, 5. Kilian B\u00fchlmann, 28. Nicola Krummenacher<\/li>\n<li><strong>M\u00e4nnliche U16<\/strong>: 2. Sven Achermann<\/li>\n<\/ul>\n<p>Stolz durfte die L\u00e4uferriege zudem den Preis f\u00fcr die 2. gr\u00f6sste Gruppe entgegennehmen.<\/p>\n<p>Herzliche Gratulation allen Athletinnen und Athleten f\u00fcr ihre Leistungen und vielen Dank auch den eifrigen SchuhputzerInnen!<\/p>\n<p><a title=\"16.03.14 \u2013 Crosslauf Neuenkirch\" href=\"https:\/\/www.laeuferriege-neuenkirch.ch\/?p=8284\">Hier geht&#8217;s zu den Fotos vom Heim-Cross in Neuenkirch!<\/a><\/p>\n","protected":false},"excerpt":{"rendered":"<p>Affoltern, Benken und Neuenkirch hiessen in diesem Winter die Austragungsorte der 3 Crossl\u00e4ufe, welche zum Innerschweizer Jugend Cross Cup 2014 geh\u00f6ren. Da f\u00fcr die diesj\u00e4hrige &hellip;<\/p>\n","protected":false},"author":1,"featured_media":0,"comment_status":"closed","ping_status":"closed","sticky":false,"template":"","format":"standard","meta":{"_themeisle_gutenberg_block_has_review":false,"footnotes":""},"categories":[9],"tags":[],"class_list":["post-8367","post","type-post","status-publish","format-standard","hentry","category-news"],"_links":{"self":[{"href":"https:\/\/www.laeuferriege-neuenkirch.ch\/index.php?rest_route=\/wp\/v2\/posts\/8367","targetHints":{"allow":["GET"]}}],"collection":[{"href":"https:\/\/www.laeuferriege-neuenkirch.ch\/index.php?rest_route=\/wp\/v2\/posts"}],"about":[{"href":"https:\/\/www.laeuferriege-neuenkirch.ch\/index.php?rest_route=\/wp\/v2\/types\/post"}],"author":[{"embeddable":true,"href":"https:\/\/www.laeuferriege-neuenkirch.ch\/index.php?rest_route=\/wp\/v2\/users\/1"}],"replies":[{"embeddable":true,"href":"https:\/\/www.laeuferriege-neuenkirch.ch\/index.php?rest_route=%2Fwp%2Fv2%2Fcomments&post=8367"}],"version-history":[{"count":3,"href":"https:\/\/www.laeuferriege-neuenkirch.ch\/index.php?rest_route=\/wp\/v2\/posts\/8367\/revisions"}],"predecessor-version":[{"id":8370,"href":"https:\/\/www.laeuferriege-neuenkirch.ch\/index.php?rest_route=\/wp\/v2\/posts\/8367\/revisions\/8370"}],"wp:attachment":[{"href":"https:\/\/www.laeuferriege-neuenkirch.ch\/index.php?rest_route=%2Fwp%2Fv2%2Fmedia&parent=8367"}],"wp:term":[{"taxonomy":"category","embeddable":true,"href":"https:\/\/www.laeuferriege-neuenkirch.ch\/index.php?rest_route=%2Fwp%2Fv2%2Fcategories&post=8367"},{"taxonomy":"post_tag","embeddable":true,"href":"https:\/\/www.laeuferriege-neuenkirch.ch\/index.php?rest_route=%2Fwp%2Fv2%2Ftags&post=8367"}],"curies":[{"name":"wp","href":"https:\/\/api.w.org\/{rel}","templated":true}]}}