{"id":8204,"date":"2014-01-19T20:00:00","date_gmt":"2014-01-19T19:00:00","guid":{"rendered":"http:\/\/www.laeuferriege-neuenkirch.ch\/?p=8204"},"modified":"2014-01-25T20:56:36","modified_gmt":"2014-01-25T19:56:36","slug":"ubs-kids-cup-in-luzern","status":"publish","type":"post","link":"https:\/\/www.laeuferriege-neuenkirch.ch\/?p=8204","title":{"rendered":"UBS-Kids-Cup in Luzern"},"content":{"rendered":"<p><strong>Am Sonntag 19. Januar 2014 startete die L\u00e4uferriege Neuenkirch mit 2 Mixed-Teams einen zweiten Versuch am UBS-Kids-Cup. Dieser Teamwettkampf beinhaltet die vier Disziplinen Sprint, Sprung, Biathlon und Teamcross. 6 Athletinnen und Athleten bilden zusammen ein Team und k\u00e4mpfen f\u00fcr einmal gemeinsam um Sekunden, Weiten und H\u00f6hen.<\/strong><\/p>\n<p><!--more--><a href=\"https:\/\/www.laeuferriege-neuenkirch.ch\/wp-content\/uploads\/2014\/01\/20140119_195309_143.jpg\" rel=\"lightbox[8204]\"><img loading=\"lazy\" decoding=\"async\" class=\"alignleft size-medium wp-image-8195\" src=\"https:\/\/www.laeuferriege-neuenkirch.ch\/wp-content\/uploads\/2014\/01\/20140119_195309_143-300x199.jpg\" alt=\"20140119_195309_143\" width=\"300\" height=\"199\" srcset=\"https:\/\/www.laeuferriege-neuenkirch.ch\/wp-content\/uploads\/2014\/01\/20140119_195309_143-300x199.jpg 300w, https:\/\/www.laeuferriege-neuenkirch.ch\/wp-content\/uploads\/2014\/01\/20140119_195309_143-75x49.jpg 75w, https:\/\/www.laeuferriege-neuenkirch.ch\/wp-content\/uploads\/2014\/01\/20140119_195309_143.jpg 800w\" sizes=\"auto, (max-width: 300px) 100vw, 300px\" \/><\/a>W\u00e4hrend beim ersten Versuch im vergangenen Dezember die U10 Mixed und die U12 Mixed\u00a0 um Haaresbreite an der Qualifikation f\u00fcr den Regionalfinal vorbeischrammten, stand das Wettkampfgl\u00fcck diesmal auf der Seite der Rot-gelben. W\u00e4hrend die \u00c4lteren stets mit den vorderen Teams mithalten konnten und am Ende mit dem guten 6. Rang belohnt wurden, durften die J\u00fcngeren stolz auf das 3. Podesttreppchen klettern. Enio Brun, Jana B\u00fchlmann, Fabienne M\u00fcller, Kim Hirschi, Silas B\u00fchlmann und Cedric Weber qualifizieren sich mit dieser guten Leistung f\u00fcr den Regionalfinal in Emmenbr\u00fccke vom 8. M\u00e4rz 14. Ebenfalls am Regionalfinal mit dabei wird f\u00fcr die L\u00e4uferriege das Team U14 Mixed sein, welches sich bereits an der Ausscheidung im Dezember 2013 souver\u00e4n qualifizieren konnte.<\/p>\n<p><a title=\"19.01.14 \u2013 Kids Cup Luzern\" href=\"https:\/\/www.laeuferriege-neuenkirch.ch\/?p=8053\">Weiter Bilder vom UBS Kids Cup Luzern<\/a><\/p>\n","protected":false},"excerpt":{"rendered":"<p>Am Sonntag 19. Januar 2014 startete die L\u00e4uferriege Neuenkirch mit 2 Mixed-Teams einen zweiten Versuch am UBS-Kids-Cup. Dieser Teamwettkampf beinhaltet die vier Disziplinen Sprint, Sprung, &hellip;<\/p>\n","protected":false},"author":1,"featured_media":0,"comment_status":"closed","ping_status":"closed","sticky":false,"template":"","format":"standard","meta":{"_themeisle_gutenberg_block_has_review":false,"footnotes":""},"categories":[1],"tags":[],"class_list":["post-8204","post","type-post","status-publish","format-standard","hentry","category-uncategorized"],"_links":{"self":[{"href":"https:\/\/www.laeuferriege-neuenkirch.ch\/index.php?rest_route=\/wp\/v2\/posts\/8204","targetHints":{"allow":["GET"]}}],"collection":[{"href":"https:\/\/www.laeuferriege-neuenkirch.ch\/index.php?rest_route=\/wp\/v2\/posts"}],"about":[{"href":"https:\/\/www.laeuferriege-neuenkirch.ch\/index.php?rest_route=\/wp\/v2\/types\/post"}],"author":[{"embeddable":true,"href":"https:\/\/www.laeuferriege-neuenkirch.ch\/index.php?rest_route=\/wp\/v2\/users\/1"}],"replies":[{"embeddable":true,"href":"https:\/\/www.laeuferriege-neuenkirch.ch\/index.php?rest_route=%2Fwp%2Fv2%2Fcomments&post=8204"}],"version-history":[{"count":2,"href":"https:\/\/www.laeuferriege-neuenkirch.ch\/index.php?rest_route=\/wp\/v2\/posts\/8204\/revisions"}],"predecessor-version":[{"id":8206,"href":"https:\/\/www.laeuferriege-neuenkirch.ch\/index.php?rest_route=\/wp\/v2\/posts\/8204\/revisions\/8206"}],"wp:attachment":[{"href":"https:\/\/www.laeuferriege-neuenkirch.ch\/index.php?rest_route=%2Fwp%2Fv2%2Fmedia&parent=8204"}],"wp:term":[{"taxonomy":"category","embeddable":true,"href":"https:\/\/www.laeuferriege-neuenkirch.ch\/index.php?rest_route=%2Fwp%2Fv2%2Fcategories&post=8204"},{"taxonomy":"post_tag","embeddable":true,"href":"https:\/\/www.laeuferriege-neuenkirch.ch\/index.php?rest_route=%2Fwp%2Fv2%2Ftags&post=8204"}],"curies":[{"name":"wp","href":"https:\/\/api.w.org\/{rel}","templated":true}]}}