{"id":8046,"date":"2014-01-05T20:00:33","date_gmt":"2014-01-05T19:00:33","guid":{"rendered":"http:\/\/www.laeuferriege-neuenkirch.ch\/?p=8046"},"modified":"2014-01-10T09:05:47","modified_gmt":"2014-01-10T08:05:47","slug":"crosslauf-saison-eroeffnet","status":"publish","type":"post","link":"https:\/\/www.laeuferriege-neuenkirch.ch\/?p=8046","title":{"rendered":"Crosslauf-Saison er\u00f6ffnet"},"content":{"rendered":"<p><strong>Am 5. Januar 2014 wurde in Affoltern am Albis mit dem ersten von drei Crossl\u00e4ufen des Jugend-Cross-Cups die Cross-Saison lanciert. Mit am Start standen auch einige L\u00e4uferinnen und L\u00e4ufer der L\u00e4uferriege Neuenkirch. Die U10 Athletinnen und Athleten mit Fabienne M\u00fcller und Silas B\u00fchlmann wagten sich als J\u00fcngste im Feld auf den 1km langen Rundkurs. W\u00e4hrend Fabienne Rang f\u00fcr Rang gut machte und dicht hinter der Spitzengruppe als 5. im Ziel eintraf, verpasste Silas bei den Jungs ganz knapp die Top-Ten-Platzierung und reihte sich als 12. im Ziel ein.<\/strong><\/p>\n<p><!--more--><a href=\"https:\/\/www.laeuferriege-neuenkirch.ch\/wp-content\/uploads\/2014\/01\/20140105_141552_40.jpg\" rel=\"lightbox[8046]\"><img loading=\"lazy\" decoding=\"async\" class=\"size-medium wp-image-8037 alignright\" src=\"https:\/\/www.laeuferriege-neuenkirch.ch\/wp-content\/uploads\/2014\/01\/20140105_141552_40-200x300.jpg\" alt=\"20140105_141552_40\" width=\"200\" height=\"300\" srcset=\"https:\/\/www.laeuferriege-neuenkirch.ch\/wp-content\/uploads\/2014\/01\/20140105_141552_40-200x300.jpg 200w, https:\/\/www.laeuferriege-neuenkirch.ch\/wp-content\/uploads\/2014\/01\/20140105_141552_40-50x75.jpg 50w, https:\/\/www.laeuferriege-neuenkirch.ch\/wp-content\/uploads\/2014\/01\/20140105_141552_40.jpg 400w\" sizes=\"auto, (max-width: 200px) 100vw, 200px\" \/><\/a>Die U12 L\u00e4uferinnen und L\u00e4ufer hatten bereits mit einem tiefen und matschigen Terrain zu k\u00e4mpfen. Mit soliden Platzierungen wurden Kaya Hirschi (9.), Marina Wicki (15.), Janine Weber (24.) und Jonas M\u00fcller (15.) f\u00fcr ihren Kampfgeist belohnt.<\/p>\n<p>2 km unter die F\u00fcsse nahmen die U14 Crossl\u00e4uferinnen und Crossl\u00e4ufer. In einem stark besetzten Feld schaute f\u00fcr Tamara Hirschi der gute 17. Rang heraus. Bei den Jungs lieferten sich Sandro Pellizzoni und Kilian B\u00fchlmann ein stetiges Kopf an Kopf Rennen, welches Sandro mit dem 6. Rang hauchd\u00fcnn vor Kilian auf dem 8. Rang f\u00fcr sich entscheiden konnte.<\/p>\n<p>Die Kr\u00f6nung aus Neuenkircher Sicht lieferte zum Schluss Sven Achermann. In einem ungew\u00f6hnlich grossen Cross-L\u00e4uferfeld von 29 Teilnehmern lief er von Beginn weg mutig mit der Spitze mit. Im Verlauf der 3km langen Strecke konnte Sven die 3. Stelle halten und den Vorsprung zum 4. platzierten L\u00e4ufer gar noch ausbauen. Das Endresultat wurde mit der bronzenen Auszeichnung belohnt.<\/p>\n<p><a title=\"05.01.14 \u2013 Crosslauf Affoltern\" href=\"https:\/\/www.laeuferriege-neuenkirch.ch\/?p=7999\">\u00a0Weitere Fotos gibt es hier!<\/a><\/p>\n","protected":false},"excerpt":{"rendered":"<p>Am 5. Januar 2014 wurde in Affoltern am Albis mit dem ersten von drei Crossl\u00e4ufen des Jugend-Cross-Cups die Cross-Saison lanciert. Mit am Start standen auch &hellip;<\/p>\n","protected":false},"author":1,"featured_media":0,"comment_status":"closed","ping_status":"closed","sticky":false,"template":"","format":"standard","meta":{"_themeisle_gutenberg_block_has_review":false,"footnotes":""},"categories":[9],"tags":[],"class_list":["post-8046","post","type-post","status-publish","format-standard","hentry","category-news"],"_links":{"self":[{"href":"https:\/\/www.laeuferriege-neuenkirch.ch\/index.php?rest_route=\/wp\/v2\/posts\/8046","targetHints":{"allow":["GET"]}}],"collection":[{"href":"https:\/\/www.laeuferriege-neuenkirch.ch\/index.php?rest_route=\/wp\/v2\/posts"}],"about":[{"href":"https:\/\/www.laeuferriege-neuenkirch.ch\/index.php?rest_route=\/wp\/v2\/types\/post"}],"author":[{"embeddable":true,"href":"https:\/\/www.laeuferriege-neuenkirch.ch\/index.php?rest_route=\/wp\/v2\/users\/1"}],"replies":[{"embeddable":true,"href":"https:\/\/www.laeuferriege-neuenkirch.ch\/index.php?rest_route=%2Fwp%2Fv2%2Fcomments&post=8046"}],"version-history":[{"count":4,"href":"https:\/\/www.laeuferriege-neuenkirch.ch\/index.php?rest_route=\/wp\/v2\/posts\/8046\/revisions"}],"predecessor-version":[{"id":8050,"href":"https:\/\/www.laeuferriege-neuenkirch.ch\/index.php?rest_route=\/wp\/v2\/posts\/8046\/revisions\/8050"}],"wp:attachment":[{"href":"https:\/\/www.laeuferriege-neuenkirch.ch\/index.php?rest_route=%2Fwp%2Fv2%2Fmedia&parent=8046"}],"wp:term":[{"taxonomy":"category","embeddable":true,"href":"https:\/\/www.laeuferriege-neuenkirch.ch\/index.php?rest_route=%2Fwp%2Fv2%2Fcategories&post=8046"},{"taxonomy":"post_tag","embeddable":true,"href":"https:\/\/www.laeuferriege-neuenkirch.ch\/index.php?rest_route=%2Fwp%2Fv2%2Ftags&post=8046"}],"curies":[{"name":"wp","href":"https:\/\/api.w.org\/{rel}","templated":true}]}}