{"id":7499,"date":"2013-06-15T20:00:19","date_gmt":"2013-06-15T19:00:19","guid":{"rendered":"http:\/\/www.laeuferriege-neuenkirch.ch\/?p=7499"},"modified":"2013-06-20T12:51:16","modified_gmt":"2013-06-20T11:51:16","slug":"sensationeller-schweizer-rekord-fur-sandro-pellizzoni-an-der-einkampfmeisterschaft-in-luzern","status":"publish","type":"post","link":"https:\/\/www.laeuferriege-neuenkirch.ch\/?p=7499","title":{"rendered":"Sensationeller Schweizer Rekord f\u00fcr Sandro Pellizzoni an der Einkampfmeisterschaft in Luzern"},"content":{"rendered":"<p><strong>Am Samstag, 15. Juni und Sonntag, 16. Juni 2013, fand in Luzern auf der Allmend die allj\u00e4hrliche Einkampfmeisterschaft statt. Organisiert vom Innerschweizer Leichtathletik Verband, misst sich in Luzern alles, was in der Innerschweizer Leichtathletikbewegung Rang und Namen hat. Mit f\u00fcnf Medaillen zeigte sich die LRN an diesem wichtigen Ereignis von der besten Seite.$<\/strong><\/p>\n<p><!--more-->In der Kategorie MU18 startete Max Krauer \u00fcber die Mittelstreckendisziplin 3000m. Die nicht ganz optimale Rennvorbereitung machte sich zwar bemerkbar, daf\u00fcr zeigte Max ein sehr beherztes Rennen. In einer Zeit von 10:13.48 min. lief Max auf Rang 5.<\/p>\n<p>Sabine W\u00fcest musste wegen zu kleinem Startfeld in der Kategorie Frauen starten. Die passionierte Werferin behauptete sich auch gegen die zum Teil erheblich \u00e4lteren Konkurrentinnen und gewann sowohl im Diskus, als auch im Kugelstossen die Bronzemedaille.<\/p>\n<p>Lynn Helfenstein hatte ein gewohnt grosses Programm an beiden Tagen. Sie startete \u00fcber 600m, 60m Sprint, Weitsprung, 60m H\u00fcrden und Kugelstossen. Trotz guten Leistungen reichte es nicht immer f\u00fcr ganz nach vorne, dies ist sicher auch auf die um ein Jahr \u00e4ltere Konkurrenz zur\u00fcckzuf\u00fchren.<\/p>\n<p>\u00dcber 60m Sprint war ein sehr grosses Feld von 49 Athletinnen gemeldet. Via Zwischenlauf qualifizierte sich Lynn souver\u00e4n f\u00fcr den Final, wo sie gute 8. wurde. Auch \u00fcber 600m lief sie immer ganz vorne mit und verpasst das Podest mit einem undankbaren 4. Platz ganz knapp. Dasselbe ereignete sich \u00fcber 60m H\u00fcrden. Mit vollem Einsatz schaffte es Lynn auf Platz 4. Obwohl im Weitsprung die Weite von 4.62m f\u00fcr die Bronzemedaille gereicht h\u00e4tte, musste Lynn eine Konkurrentin mit der genau gleichen Weite vorbeiziehen lassen, weil diese einen besseren zweiten Sprung zeigte. Dies bedeutete erneut Platz 4. Ungl\u00fccklichen Platzierungen nahmen mit dem Kugelstossen aber ein Ende. Nur um einen Zentimeter verfehlte sie die Goldmedaille und so durfte Lynn sich die wohlverdiente, silberne Medaille umh\u00e4ngen lassen.<\/p>\n<p><a href=\"https:\/\/www.laeuferriege-neuenkirch.ch\/wp-content\/uploads\/2013\/06\/20130615_181610_35.jpg\" rel=\"lightbox[7499]\"><img loading=\"lazy\" decoding=\"async\" class=\"alignleft size-medium wp-image-7404\" src=\"https:\/\/www.laeuferriege-neuenkirch.ch\/wp-content\/uploads\/2013\/06\/20130615_181610_35-200x300.jpg\" alt=\"20130615_181610_35\" width=\"200\" height=\"300\" srcset=\"https:\/\/www.laeuferriege-neuenkirch.ch\/wp-content\/uploads\/2013\/06\/20130615_181610_35-200x300.jpg 200w, https:\/\/www.laeuferriege-neuenkirch.ch\/wp-content\/uploads\/2013\/06\/20130615_181610_35-50x75.jpg 50w, https:\/\/www.laeuferriege-neuenkirch.ch\/wp-content\/uploads\/2013\/06\/20130615_181610_35.jpg 400w\" sizes=\"auto, (max-width: 200px) 100vw, 200px\" \/><\/a>Der Coup des Wochenendes gelang Sandro Pellizzoni \u00fcber 600m. Zusammen mit Kilian B\u00fchlmann waren aus Sicht der LRN gleich zwei sehr starke L\u00e4ufer und Medaillenanw\u00e4rter am Start. Sandro lief sehr schnell an und konnte die Pace bis zum Schluss halten. Das fulminante Rennen wurde gleich doppelt belohnt: Goldmedaille und Schweizer Rekord in 1:50.04min. Er dr\u00fcckte die alte Rekordzeit um \u00fcber zwei Sekunden. Angespornt von seinem Teamkollegen zeigte auch Kilian ein hervorragendes Rennen und \u00fcberquerte die Ziellinie als Dritter.<\/p>\n<p><a title=\"15.06.13 \u2013 Einkampfmeisterschaften Luzern\" href=\"https:\/\/www.laeuferriege-neuenkirch.ch\/?p=7369\">Hier geht&#8217;s zu den Fotos<\/a><\/p>\n","protected":false},"excerpt":{"rendered":"<p>Am Samstag, 15. Juni und Sonntag, 16. Juni 2013, fand in Luzern auf der Allmend die allj\u00e4hrliche Einkampfmeisterschaft statt. Organisiert vom Innerschweizer Leichtathletik Verband, misst &hellip;<\/p>\n","protected":false},"author":1,"featured_media":0,"comment_status":"closed","ping_status":"closed","sticky":false,"template":"","format":"standard","meta":{"_themeisle_gutenberg_block_has_review":false,"footnotes":""},"categories":[9],"tags":[],"class_list":["post-7499","post","type-post","status-publish","format-standard","hentry","category-news"],"_links":{"self":[{"href":"https:\/\/www.laeuferriege-neuenkirch.ch\/index.php?rest_route=\/wp\/v2\/posts\/7499","targetHints":{"allow":["GET"]}}],"collection":[{"href":"https:\/\/www.laeuferriege-neuenkirch.ch\/index.php?rest_route=\/wp\/v2\/posts"}],"about":[{"href":"https:\/\/www.laeuferriege-neuenkirch.ch\/index.php?rest_route=\/wp\/v2\/types\/post"}],"author":[{"embeddable":true,"href":"https:\/\/www.laeuferriege-neuenkirch.ch\/index.php?rest_route=\/wp\/v2\/users\/1"}],"replies":[{"embeddable":true,"href":"https:\/\/www.laeuferriege-neuenkirch.ch\/index.php?rest_route=%2Fwp%2Fv2%2Fcomments&post=7499"}],"version-history":[{"count":4,"href":"https:\/\/www.laeuferriege-neuenkirch.ch\/index.php?rest_route=\/wp\/v2\/posts\/7499\/revisions"}],"predecessor-version":[{"id":7502,"href":"https:\/\/www.laeuferriege-neuenkirch.ch\/index.php?rest_route=\/wp\/v2\/posts\/7499\/revisions\/7502"}],"wp:attachment":[{"href":"https:\/\/www.laeuferriege-neuenkirch.ch\/index.php?rest_route=%2Fwp%2Fv2%2Fmedia&parent=7499"}],"wp:term":[{"taxonomy":"category","embeddable":true,"href":"https:\/\/www.laeuferriege-neuenkirch.ch\/index.php?rest_route=%2Fwp%2Fv2%2Fcategories&post=7499"},{"taxonomy":"post_tag","embeddable":true,"href":"https:\/\/www.laeuferriege-neuenkirch.ch\/index.php?rest_route=%2Fwp%2Fv2%2Ftags&post=7499"}],"curies":[{"name":"wp","href":"https:\/\/api.w.org\/{rel}","templated":true}]}}