{"id":7358,"date":"2013-05-12T20:00:14","date_gmt":"2013-05-12T19:00:14","guid":{"rendered":"http:\/\/www.laeuferriege-neuenkirch.ch\/?p=7358"},"modified":"2013-05-29T12:17:05","modified_gmt":"2013-05-29T11:17:05","slug":"lr-lager-2013","status":"publish","type":"post","link":"https:\/\/www.laeuferriege-neuenkirch.ch\/?p=7358","title":{"rendered":"LR-Lager 2013"},"content":{"rendered":"<p><strong>Am Donnerstag, 9. Mai 13, machte sich eine motivierte Truppe der LR Neuenkirch auf den Weg Richtung Wyssachen ins traditionelle Trainingslager. Kaum angekommen, hiess es Turnschuhe schn\u00fcren und los gings. Nach dem gemeinsamen Training wurde man von der K\u00fcchencheffin Ursi mit feinen Spaghetti Bolognaise verw\u00f6hnt. In verschiedenen Leistungsgruppen startete am Nachmittag die zweite Trainingseinheit. Am Abend erfolgte der H\u00f6hepunkt des Lagers: Die Lagerolympiade.<\/strong><\/p>\n<p><!--more--><a href=\"https:\/\/www.laeuferriege-neuenkirch.ch\/wp-content\/uploads\/2013\/05\/20130509_121256_1.jpg\" rel=\"lightbox[7358]\"><img loading=\"lazy\" decoding=\"async\" class=\"alignleft size-medium wp-image-7055\" src=\"https:\/\/www.laeuferriege-neuenkirch.ch\/wp-content\/uploads\/2013\/05\/20130509_121256_1-300x199.jpg\" alt=\"20130509_121256_1\" width=\"300\" height=\"199\" srcset=\"https:\/\/www.laeuferriege-neuenkirch.ch\/wp-content\/uploads\/2013\/05\/20130509_121256_1-300x199.jpg 300w, https:\/\/www.laeuferriege-neuenkirch.ch\/wp-content\/uploads\/2013\/05\/20130509_121256_1-75x49.jpg 75w, https:\/\/www.laeuferriege-neuenkirch.ch\/wp-content\/uploads\/2013\/05\/20130509_121256_1.jpg 800w\" sizes=\"auto, (max-width: 300px) 100vw, 300px\" \/><\/a>Wie am ersten Tag, war auch am Freitag der Regen st\u00e4ndig pr\u00e4sent. Nach hartem Training am Morgen, lockte am Nachmittag eine rassige Abfahrt per Trottinett vom Ahorn nach Huttwil. Der Abend fand seinen Ausklang bei weiteren spannenden Disziplinen der Lagerolympiade.<\/p>\n<p>Am Samstagmorgen kamen die L\u00e4uferInnen in den Genuss eines eher ungew\u00f6hnlichen Trainings: Kugelstossen, B\u00e4lleli- und Pneuwurf standen auf dem Programm. Nach einem feinen \u00c4lplermakkaroni-Schmaus aus unserer Sportlerk\u00fcche, hiess es f\u00fcr die einen Reaktion- und Sprinttraining, w\u00e4hrend die anderen den Weg an die Innerschweizerstaffelmeisterschaften nach Sarnen unter die R\u00e4der nahmen. Und diese Aufgabe wurde von Max Krauer mit Bravour gemeistert. Zusammen mit seinen Teamkameraden der LG Luzern Nord gewann er verdient die Silbermedaille \u00fcber die Distanz von 3&#215;1000 m. Mit Spannung erfolgte am Samstagabend die letzte Disziplin der Lagerolympiade.<\/p>\n<p>Nach einer kurzen Nacht erhielten wir zum Muttertags-Fr\u00fchst\u00fcck Besuch von kleinen Nagetieren. Dies war wohl der Grund f\u00fcr das rekordverd\u00e4chtige Tempo beim Packen und Putzen bevor die letzten H\u00fcgelsprints absolviert wurden.<\/p>\n<p>Es waren wieder einmal vier bombastische Trainingstage \u2013 herzlichen Dank an alle f\u00fcr den unerm\u00fcdlichen Einsatz!<\/p>\n<p><a title=\"9. \u2013 12.05.2013 \u2013 Trainingslager Wyssachen\" href=\"https:\/\/www.laeuferriege-neuenkirch.ch\/?p=7053\">Die 298 Fotos vom Lager findest Du hier!<\/a><\/p>\n","protected":false},"excerpt":{"rendered":"<p>Am Donnerstag, 9. Mai 13, machte sich eine motivierte Truppe der LR Neuenkirch auf den Weg Richtung Wyssachen ins traditionelle Trainingslager. Kaum angekommen, hiess es &hellip;<\/p>\n","protected":false},"author":1,"featured_media":0,"comment_status":"closed","ping_status":"closed","sticky":false,"template":"","format":"standard","meta":{"_themeisle_gutenberg_block_has_review":false,"footnotes":""},"categories":[9],"tags":[],"class_list":["post-7358","post","type-post","status-publish","format-standard","hentry","category-news"],"_links":{"self":[{"href":"https:\/\/www.laeuferriege-neuenkirch.ch\/index.php?rest_route=\/wp\/v2\/posts\/7358","targetHints":{"allow":["GET"]}}],"collection":[{"href":"https:\/\/www.laeuferriege-neuenkirch.ch\/index.php?rest_route=\/wp\/v2\/posts"}],"about":[{"href":"https:\/\/www.laeuferriege-neuenkirch.ch\/index.php?rest_route=\/wp\/v2\/types\/post"}],"author":[{"embeddable":true,"href":"https:\/\/www.laeuferriege-neuenkirch.ch\/index.php?rest_route=\/wp\/v2\/users\/1"}],"replies":[{"embeddable":true,"href":"https:\/\/www.laeuferriege-neuenkirch.ch\/index.php?rest_route=%2Fwp%2Fv2%2Fcomments&post=7358"}],"version-history":[{"count":5,"href":"https:\/\/www.laeuferriege-neuenkirch.ch\/index.php?rest_route=\/wp\/v2\/posts\/7358\/revisions"}],"predecessor-version":[{"id":7362,"href":"https:\/\/www.laeuferriege-neuenkirch.ch\/index.php?rest_route=\/wp\/v2\/posts\/7358\/revisions\/7362"}],"wp:attachment":[{"href":"https:\/\/www.laeuferriege-neuenkirch.ch\/index.php?rest_route=%2Fwp%2Fv2%2Fmedia&parent=7358"}],"wp:term":[{"taxonomy":"category","embeddable":true,"href":"https:\/\/www.laeuferriege-neuenkirch.ch\/index.php?rest_route=%2Fwp%2Fv2%2Fcategories&post=7358"},{"taxonomy":"post_tag","embeddable":true,"href":"https:\/\/www.laeuferriege-neuenkirch.ch\/index.php?rest_route=%2Fwp%2Fv2%2Ftags&post=7358"}],"curies":[{"name":"wp","href":"https:\/\/api.w.org\/{rel}","templated":true}]}}