{"id":6858,"date":"2013-03-10T20:00:19","date_gmt":"2013-03-10T19:00:19","guid":{"rendered":"http:\/\/www.laeuferriege-neuenkirch.ch\/?p=6858"},"modified":"2013-03-18T16:03:44","modified_gmt":"2013-03-18T15:03:44","slug":"erfolgreiche-lrn-am-crosslauf-in-schotz","status":"publish","type":"post","link":"https:\/\/www.laeuferriege-neuenkirch.ch\/?p=6858","title":{"rendered":"Erfolgreiche LRN am Crosslauf in Sch\u00f6tz"},"content":{"rendered":"<p><strong>Am Sonntag, 10. M\u00e4rz wurde in Sch\u00f6tz das letzte Crossrennen der Saison ausgetragen. Der vierte Wertungslauf des Jugendcross-Cups der Sportunion Zentralschweiz brachte T\u00fccken mit sich, welche aber hervorragend gemeistert wurden.<\/strong><\/p>\n<p><!--more--><a href=\"https:\/\/www.laeuferriege-neuenkirch.ch\/wp-content\/uploads\/2013\/03\/20130310_122014_4.jpg\" rel=\"lightbox[6858]\"><img loading=\"lazy\" decoding=\"async\" class=\"alignleft size-medium wp-image-6865\" src=\"https:\/\/www.laeuferriege-neuenkirch.ch\/wp-content\/uploads\/2013\/03\/20130310_122014_4-300x199.jpg\" alt=\"20130310_122014_4\" width=\"300\" height=\"199\" srcset=\"https:\/\/www.laeuferriege-neuenkirch.ch\/wp-content\/uploads\/2013\/03\/20130310_122014_4-300x199.jpg 300w, https:\/\/www.laeuferriege-neuenkirch.ch\/wp-content\/uploads\/2013\/03\/20130310_122014_4-75x49.jpg 75w, https:\/\/www.laeuferriege-neuenkirch.ch\/wp-content\/uploads\/2013\/03\/20130310_122014_4.jpg 800w\" sizes=\"auto, (max-width: 300px) 100vw, 300px\" \/><\/a>Herrliches Laufwetter und ungewohnt milde Temperaturen beherrschten Sch\u00f6tz und den Crosslauf. Die intensive Streckenf\u00fchrung wartete aber mit einer anspruchsvollen Steigung auf und bedeutete ein letzter grosser Test f\u00fcr die Winterform.<\/p>\n<p>Kaya Hirschi und Marina Wicki durften wie gewohnt als Erste auf die Strecke. Kaya setzte sich von Anfang ab. Auf den letzten Metern fehlte dann aber die Kraft und sie musste zwei Konkurrentinnen vorbeiziehen lassen. Es reichte trotzdem f\u00fcr die bronzene Medaille. Marina erreichte das Ziel als schnelle F\u00fcnfte und durfte sich \u00fcber gewonnene Punkte f\u00fcr das Gesamtklassement freuen.<\/p>\n<p>Auch Levin Schaffhauser war am Start. Im Verlauf der letzten Rennen legte er eine konstante Steigerung hin und wurde dank einem guten letzten Lauf mit dem 11. Platz belohnt.<\/p>\n<p>Weniger entspannt als die, die bereits im Ziel waren, standen Kilian B\u00fchlmann, Jonas Bucher und Sandro Pellizzoni am Start. Sie wussten, dass sie ein top Resultat abliefern k\u00f6nnen und waren sichtlich nerv\u00f6s. Mit dem Startschuss \u00fcberwog dann aber die Routine und sie zeigten einmal mehr ein grossartiges Rennen. Jonas f\u00fchrte lange an, bevor Sandro \u00fcbernahm und sich die Goldmedaille nicht mehr nehmen liess. Innerhalb von 2 Sekunden wurden danach die R\u00e4nge 2 \u2013 4 vergeben und Kilian setzte sich noch gegen Jonas durch. Rang 3 f\u00fcr Kilian und der undankbare 4. Rang f\u00fcr Jonas schauten f\u00fcr unsere LR-Nachwuchsl\u00e4ufer heraus.<\/p>\n<p>In einem erneut sehr starken Feld liefen Lynn Helfenstein und Tamara Hirschi. Mit den Pl\u00e4tzen 10 und 13 konnten die beiden dennoch wichtige Punkte f\u00fcr die Gesamtwertung sammeln.<\/p>\n<p>Auch Sven Achermann konnte mit seinem 6. Rang nach einem soliden Lauf einen wertvollen Beitrag zu einem guten Schlussrang sammeln.<\/p>\n<p><a href=\"https:\/\/www.laeuferriege-neuenkirch.ch\/wp-content\/uploads\/2013\/03\/20130310_164635_81.jpg\" rel=\"lightbox[6858]\"><img loading=\"lazy\" decoding=\"async\" class=\"size-medium wp-image-6940 alignright\" src=\"https:\/\/www.laeuferriege-neuenkirch.ch\/wp-content\/uploads\/2013\/03\/20130310_164635_81-200x300.jpg\" alt=\"20130310_164635_81\" width=\"200\" height=\"300\" srcset=\"https:\/\/www.laeuferriege-neuenkirch.ch\/wp-content\/uploads\/2013\/03\/20130310_164635_81-200x300.jpg 200w, https:\/\/www.laeuferriege-neuenkirch.ch\/wp-content\/uploads\/2013\/03\/20130310_164635_81-50x75.jpg 50w, https:\/\/www.laeuferriege-neuenkirch.ch\/wp-content\/uploads\/2013\/03\/20130310_164635_81.jpg 400w\" sizes=\"auto, (max-width: 200px) 100vw, 200px\" \/><\/a>Nicht nur mit dabei war auch Max Krauer. Er mischte kr\u00e4ftig mit und konnte sich mit einer soliden Zeit klar den 3. Rang sichern. Die bronzene Medaille rundete f\u00fcr Max eine gelungene Crosssaison ab.<\/p>\n<p>Nach der regul\u00e4ren Verk\u00fcndigung der Tagesrangliste wurde mit Spannung die Gesamtwertung erwartet. Marina wurde f\u00fcr ihre tolle Crosssaison mit der Silbermedaille beh\u00e4ngt, Kaya erhielt eine Bronzene. Levin wurde guter 7. F\u00fcr Sandro gab\u2019s mit der bronzenen Medaille die zweite am selben Tag, Kilian schloss auf Rang 4 vor Jonas auf Rang 5 ab. Lynn und Tamara belegten die R\u00e4nge 9 und 12 und Sven erreichte knapp am Podest vorbei Rang 4.<\/p>\n<p>Doch der Coup des Tages gelang allen Jungs der LRN in der Mannschaftsrangliste. Als zweitbestes Team durften sie den begehrten silbernen Wanderpokal nach Hause nehmen und w\u00e4hrend einem Jahr behalten. Herzliche Gratulation.<\/p>\n<p><a title=\"10.03.2013 \u2013 Crosslauf Sch\u00f6tz\" href=\"https:\/\/www.laeuferriege-neuenkirch.ch\/?p=6860\">Hier geht&#8217;s zu den Fotos&#8230;<\/a><\/p>\n","protected":false},"excerpt":{"rendered":"<p>Am Sonntag, 10. M\u00e4rz wurde in Sch\u00f6tz das letzte Crossrennen der Saison ausgetragen. Der vierte Wertungslauf des Jugendcross-Cups der Sportunion Zentralschweiz brachte T\u00fccken mit sich, &hellip;<\/p>\n","protected":false},"author":1,"featured_media":0,"comment_status":"closed","ping_status":"closed","sticky":false,"template":"","format":"standard","meta":{"_themeisle_gutenberg_block_has_review":false,"footnotes":""},"categories":[9],"tags":[],"class_list":["post-6858","post","type-post","status-publish","format-standard","hentry","category-news"],"_links":{"self":[{"href":"https:\/\/www.laeuferriege-neuenkirch.ch\/index.php?rest_route=\/wp\/v2\/posts\/6858","targetHints":{"allow":["GET"]}}],"collection":[{"href":"https:\/\/www.laeuferriege-neuenkirch.ch\/index.php?rest_route=\/wp\/v2\/posts"}],"about":[{"href":"https:\/\/www.laeuferriege-neuenkirch.ch\/index.php?rest_route=\/wp\/v2\/types\/post"}],"author":[{"embeddable":true,"href":"https:\/\/www.laeuferriege-neuenkirch.ch\/index.php?rest_route=\/wp\/v2\/users\/1"}],"replies":[{"embeddable":true,"href":"https:\/\/www.laeuferriege-neuenkirch.ch\/index.php?rest_route=%2Fwp%2Fv2%2Fcomments&post=6858"}],"version-history":[{"count":5,"href":"https:\/\/www.laeuferriege-neuenkirch.ch\/index.php?rest_route=\/wp\/v2\/posts\/6858\/revisions"}],"predecessor-version":[{"id":6950,"href":"https:\/\/www.laeuferriege-neuenkirch.ch\/index.php?rest_route=\/wp\/v2\/posts\/6858\/revisions\/6950"}],"wp:attachment":[{"href":"https:\/\/www.laeuferriege-neuenkirch.ch\/index.php?rest_route=%2Fwp%2Fv2%2Fmedia&parent=6858"}],"wp:term":[{"taxonomy":"category","embeddable":true,"href":"https:\/\/www.laeuferriege-neuenkirch.ch\/index.php?rest_route=%2Fwp%2Fv2%2Fcategories&post=6858"},{"taxonomy":"post_tag","embeddable":true,"href":"https:\/\/www.laeuferriege-neuenkirch.ch\/index.php?rest_route=%2Fwp%2Fv2%2Ftags&post=6858"}],"curies":[{"name":"wp","href":"https:\/\/api.w.org\/{rel}","templated":true}]}}