{"id":67,"date":"2011-03-20T20:00:51","date_gmt":"2011-03-20T19:00:51","guid":{"rendered":"http:\/\/www.laeuferriege-neuenkirch.ch\/?p=67"},"modified":"2011-04-20T07:12:50","modified_gmt":"2011-04-20T06:12:50","slug":"jonas-bucher-als-strahlender-sieger","status":"publish","type":"post","link":"https:\/\/www.laeuferriege-neuenkirch.ch\/?p=67","title":{"rendered":"Jonas Bucher als strahlender Sieger"},"content":{"rendered":"<p><strong>Ideale Wetterbedingungen pr\u00e4gten den letzten Crosslauf des Jugend Cross-Cups. Trocken, sonnig und k\u00fchl \u2013 das l\u00e4sst das Crossl\u00e4uferherz h\u00f6her schlagen! Der vom Astoria Hellb\u00fchl super organisierte Wettkampf wurde in Neuenkirch ausgetragen.<\/strong><\/p>\n<p><strong><\/strong><!--more--><a href=\"https:\/\/www.laeuferriege-neuenkirch.ch\/wp-content\/uploads\/2011\/03\/20110320_174012_55.jpg\" rel=\"lightbox[67]\"><img loading=\"lazy\" decoding=\"async\" class=\"alignleft size-medium wp-image-1226\" title=\"20110320_174012_55\" src=\"https:\/\/www.laeuferriege-neuenkirch.ch\/wp-content\/uploads\/2011\/03\/20110320_174012_55-300x199.jpg\" alt=\"\" width=\"300\" height=\"199\" \/><\/a>F\u00fcr die L\u00e4uferriege bedeutete dies ein Heimrennen. Vor dem heimischen Publikum eine gute Leistung zu zeigen, war das erkl\u00e4rte Ziel des Tages.<\/p>\n<p>Kaya Hirschi, Sara Brun und Kim Wiederkehr er\u00f6ffneten den Wettkampf aus neuenkircher Sicht in der Kategorie U10. Die drei M\u00e4dchen mussten auch dieses Mal wieder gegen die \u00c4lteren antreten. Mit den Pl\u00e4tzen 13, 15 und 16 zeigten alle ein starkes Rennen. Herzliche Gratulation!<\/p>\n<p>Angespornt durch die Leistungen ihrer Kolleginnen zogen Jonas Bucher, Kilian B\u00fchlmann und Sandro Pellizzoni ins Rennen bei den U10 m\u00e4nnlich. Eindr\u00fccklich zeigte das Trio der Konkurrenz, wer diese Saison am besten trainiert hatte (und trainiert wurde!). Mit dem 1., 2. und 4. Rang dominierten sie das Feld ganz klar. Einfach super!<\/p>\n<p>Die Jungs hatten vorgelegt und es war an Lynn Helfenstein, Tamara Hirschi und Nina Geisseler in der Kategorie M\u00e4dchen U12 nachzuziehen. Im spannenden Rennen schauten f\u00fcr Lynn Rang 5, f\u00fcr Tamara Rang 9 und f\u00fcr Nina Rang 18 heraus. Ob das wohl f\u00fcr einen Podestplatz in der Gesamtwertung reichte?<\/p>\n<p>Im grossen Feld von 45 L\u00e4ufer waren Sven Brun, Nicola Krummenacher, Raphael Helfenstein und Philipp Muff mit dabei. Sven f\u00fchrte das Rennen lange an und k\u00e4mpfte um die F\u00fchrung. Das K\u00e4mpfen wurde nicht belohnt und am Schluss reichte es f\u00fcr den tollen 6. Schlussrang. Tolles Rennen, Sven! Auch Nicola, Raphael und Philipp \u00fcberzeugten durch gute Leistungen und d\u00fcrfen mit den R\u00e4ngen 21, 31 und 34 zufrieden sein!<\/p>\n<p>Bei den M\u00e4dchen U14 waren Tanja Bammert und Deborah Helfenstein am Start. Im starken Feld liefen die beiden gut mit und ergatterten sich die R\u00e4nge 17 und 20. Gut gemacht!<\/p>\n<p>Luana Limacher und Tina Loosli waren als n\u00e4chste am Start. Im sehr starken Feld lag die Messlatte hoch, denn auch die Vize-Schweizermeisterin lief mit. Die beiden zeigten eine starke Leistung und Luana drehte am Schluss noch einmal richtig auf, was ihr den super 8. Schlussrang sicherte. Tina, die schon ans Aufgeben dachte, k\u00e4mpfte bis am Schluss und darf sich mit Rang 12 zufrieden zeigen.<\/p>\n<p>Max Krauer lief in der Kategorie U16. Er zeigte ein konstantes Rennen und konnte stets bei der Verfolgergruppe mitlaufen. Es reichte am Schluss f\u00fcr den guten 11. Schlussrang.<\/p>\n<p>Das heimische Publikum wollte sich auch unser Bahnl\u00e4ufer Kevin Erni nicht entgehen lassen und startete \u00fcber die f\u00fcr ihn ungew\u00f6hnlich lange Distanz (4000m). Mit 16.52 min. zeigte er ein starkes Rennen und darf sich \u00fcber den 9. Platz freuen. Super Leistung!<\/p>\n<p>Anschliessend an die regul\u00e4re Rangverk\u00fcndigung folgte die der Gesamtwertung. Wer 3 von 4 Rennen absolviert hatte, bekam die Chance, den Wanderpokal zu gewinnen.<\/p>\n<p>Jonas Bucher durfte zum zweiten Mal an diesem Tag das oberste Treppchen erklimmen. Mit vier konstant starken Rennen sammelte er mehr Punkte als alle seine (zum Teil \u00e4lteren) Konkurrenten. Gratuliere, Jonas!<\/p>\n<p>Auch Lynn Helfenstein war vier Mal am Start und klassierte sich vier Mal weit vorne: es reichte f\u00fcr den verdienten 3. Rang. Super! In der selben Kategorie war auch Tamara Hirschi vier Mal dabei und wurde mit dem tollen 6. Rang belohnt.<\/p>\n<p>Nicola Krummenacher war ebenfalls vier Mal am Start und wurde erk\u00e4mpfte sich den tollen 10. Rang in der Gesamtwertung.<\/p>\n<p>Die L\u00e4uferriege beendet damit die Cross-Saison 2011 und wir freuen uns auf viele spannende Wettk\u00e4mpfe auf der Strasse und auf der Bahn!<\/p>\n<p><a title=\"20.03.2011 \u2013 Crosslauf Neuenkirch\" href=\"https:\/\/www.laeuferriege-neuenkirch.ch\/?p=276\">Hier geht&#8217;s zu den Fotos<\/a><\/p>\n","protected":false},"excerpt":{"rendered":"<p>Ideale Wetterbedingungen pr\u00e4gten den letzten Crosslauf des Jugend Cross-Cups. Trocken, sonnig und k\u00fchl \u2013 das l\u00e4sst das Crossl\u00e4uferherz h\u00f6her schlagen! Der vom Astoria Hellb\u00fchl super &hellip;<\/p>\n","protected":false},"author":1,"featured_media":0,"comment_status":"closed","ping_status":"closed","sticky":false,"template":"","format":"standard","meta":{"_themeisle_gutenberg_block_has_review":false,"footnotes":""},"categories":[9],"tags":[],"class_list":["post-67","post","type-post","status-publish","format-standard","hentry","category-news"],"_links":{"self":[{"href":"https:\/\/www.laeuferriege-neuenkirch.ch\/index.php?rest_route=\/wp\/v2\/posts\/67","targetHints":{"allow":["GET"]}}],"collection":[{"href":"https:\/\/www.laeuferriege-neuenkirch.ch\/index.php?rest_route=\/wp\/v2\/posts"}],"about":[{"href":"https:\/\/www.laeuferriege-neuenkirch.ch\/index.php?rest_route=\/wp\/v2\/types\/post"}],"author":[{"embeddable":true,"href":"https:\/\/www.laeuferriege-neuenkirch.ch\/index.php?rest_route=\/wp\/v2\/users\/1"}],"replies":[{"embeddable":true,"href":"https:\/\/www.laeuferriege-neuenkirch.ch\/index.php?rest_route=%2Fwp%2Fv2%2Fcomments&post=67"}],"version-history":[{"count":16,"href":"https:\/\/www.laeuferriege-neuenkirch.ch\/index.php?rest_route=\/wp\/v2\/posts\/67\/revisions"}],"predecessor-version":[{"id":2865,"href":"https:\/\/www.laeuferriege-neuenkirch.ch\/index.php?rest_route=\/wp\/v2\/posts\/67\/revisions\/2865"}],"wp:attachment":[{"href":"https:\/\/www.laeuferriege-neuenkirch.ch\/index.php?rest_route=%2Fwp%2Fv2%2Fmedia&parent=67"}],"wp:term":[{"taxonomy":"category","embeddable":true,"href":"https:\/\/www.laeuferriege-neuenkirch.ch\/index.php?rest_route=%2Fwp%2Fv2%2Fcategories&post=67"},{"taxonomy":"post_tag","embeddable":true,"href":"https:\/\/www.laeuferriege-neuenkirch.ch\/index.php?rest_route=%2Fwp%2Fv2%2Ftags&post=67"}],"curies":[{"name":"wp","href":"https:\/\/api.w.org\/{rel}","templated":true}]}}