{"id":4560,"date":"2011-09-10T20:00:23","date_gmt":"2011-09-10T19:00:23","guid":{"rendered":"http:\/\/www.laeuferriege-neuenkirch.ch\/?p=4560"},"modified":"2011-09-15T08:16:43","modified_gmt":"2011-09-15T07:16:43","slug":"marina-wicki-die-strahlende-siegerin-am-ammelauf","status":"publish","type":"post","link":"https:\/\/www.laeuferriege-neuenkirch.ch\/?p=4560","title":{"rendered":"Marina Wicki, die strahlende Siegerin am \u00c4mmelauf"},"content":{"rendered":"<p><strong>Es war heiss am vergangenen Samstag, den 10. September am \u00c4mmelauf in Littau. Nichts desto trotz gaben die 12 Athleten der LR Neuenkirch ihr Bestes und zeigten einmal mehr ihre St\u00e4rke.<\/strong><\/p>\n<p><!--more--><a href=\"https:\/\/www.laeuferriege-neuenkirch.ch\/wp-content\/uploads\/2011\/09\/20110910_171251_20.jpg\" rel=\"lightbox[4560]\"><img loading=\"lazy\" decoding=\"async\" class=\"alignright size-medium wp-image-4555\" title=\"20110910_171251_20\" src=\"https:\/\/www.laeuferriege-neuenkirch.ch\/wp-content\/uploads\/2011\/09\/20110910_171251_20-200x300.jpg\" alt=\"\" width=\"200\" height=\"300\" srcset=\"https:\/\/www.laeuferriege-neuenkirch.ch\/wp-content\/uploads\/2011\/09\/20110910_171251_20-200x300.jpg 200w, https:\/\/www.laeuferriege-neuenkirch.ch\/wp-content\/uploads\/2011\/09\/20110910_171251_20-50x75.jpg 50w, https:\/\/www.laeuferriege-neuenkirch.ch\/wp-content\/uploads\/2011\/09\/20110910_171251_20.jpg 400w\" sizes=\"auto, (max-width: 200px) 100vw, 200px\" \/><\/a>Marina Wicki, Kaya Hirschi und Kim und Sina Wiederkehr er\u00f6ffneten aus neuenkircher Sicht den Wettkampftag. Zusammen mit den gleichaltrigen Knaben begaben sie sich auf die 600m lange Strecke. Allen voran \u2013 noch vor dem 1. Jungen und das mit einem beachtlichen Abstand von 4 Sekunden \u2013 lief Marina. Sie hatte sich den 1. Platz g\u00e4nzlich verdient! Dahinter folgten nur kurz danach Kaya Hischi auf Rang 5, Kim Wiederkehr auf Rang 6 und Sina Wiederkehr auf Rang 18.<\/p>\n<p>Die n\u00e4chste war Leandra Stocker. Auf der 1,1km langen Strecke hielt sie immer gut mit und erreichte nur ganz knapp hinter einer Konkurrentin als 9. das Ziel.<\/p>\n<p><a href=\"https:\/\/www.laeuferriege-neuenkirch.ch\/wp-content\/uploads\/2011\/09\/20110910_142707_12.jpg\" rel=\"lightbox[4560]\"><img loading=\"lazy\" decoding=\"async\" class=\"size-medium wp-image-4547 alignleft\" title=\"20110910_142707_12\" src=\"https:\/\/www.laeuferriege-neuenkirch.ch\/wp-content\/uploads\/2011\/09\/20110910_142707_12-200x300.jpg\" alt=\"\" width=\"200\" height=\"300\" srcset=\"https:\/\/www.laeuferriege-neuenkirch.ch\/wp-content\/uploads\/2011\/09\/20110910_142707_12-200x300.jpg 200w, https:\/\/www.laeuferriege-neuenkirch.ch\/wp-content\/uploads\/2011\/09\/20110910_142707_12-50x75.jpg 50w, https:\/\/www.laeuferriege-neuenkirch.ch\/wp-content\/uploads\/2011\/09\/20110910_142707_12.jpg 400w\" sizes=\"auto, (max-width: 200px) 100vw, 200px\" \/><\/a>Tamara Hirschi und Nicola Krummenacher wurden ebenfalls zusammen auf die Rennstrecke geschickt. W\u00e4hrend Tamara bei den U12 Sch\u00fclerinnen als 7. das Ziel erreichte, beendete Nicola das Rennen als 12. in der Kategorie U12 Sch\u00fcler.<\/p>\n<p>Die Kategorien U14 und U16 liefen die 1\u2019100m lange Strecke zusammen. Nadine Zurbriggen erreichte in der Kategorie U14 den 9. Rang, w\u00e4hrend Tanja Bammert in der selben Kategorie auf Rang 17 lief. Tina Loosli lief in der Kategorie U16 gut mit und durfte sich im Ziel ab Platz 6 freuen.<\/p>\n<p>Max Krauer und Till Etterlin liessen ihre Kategorienl\u00e4ufe aus und wagten den Sprung in die U18, um einen 10km langen Lauf absolvieren zu k\u00f6nnen. Max best\u00e4tigte seine Trainingsform und lief mit einer tollen Zeit von 45:16 min. ins Ziel ein. Es hatte sich ausbezahlt, alles zu geben, denn diese Zeit reichte f\u00fcr den tollen 6. Rang. Till war mit Jahrgang 2000 der mit Abstand j\u00fcngste L\u00e4ufer im Feld. Er beendete das Rennen mit einem L\u00e4cheln auf den Lippen auf dem guten 13. Rang.<\/p>\n<p>Der \u00c4mmelauf war auch dieses Jahr ein Erfolg f\u00fcr die LR Neuenkirch. Wir sind gespannt auf die n\u00e4chsten Rennen.<\/p>\n<p><a title=\"10.09.2011 \u2013 \u00c4mmelauf Littau\" href=\"https:\/\/www.laeuferriege-neuenkirch.ch\/?p=4535\">Ab zu den Fotos&#8230;<\/a><\/p>\n","protected":false},"excerpt":{"rendered":"<p>Es war heiss am vergangenen Samstag, den 10. September am \u00c4mmelauf in Littau. Nichts desto trotz gaben die 12 Athleten der LR Neuenkirch ihr Bestes &hellip;<\/p>\n","protected":false},"author":1,"featured_media":0,"comment_status":"closed","ping_status":"closed","sticky":false,"template":"","format":"standard","meta":{"_themeisle_gutenberg_block_has_review":false,"footnotes":""},"categories":[9],"tags":[],"class_list":["post-4560","post","type-post","status-publish","format-standard","hentry","category-news"],"_links":{"self":[{"href":"https:\/\/www.laeuferriege-neuenkirch.ch\/index.php?rest_route=\/wp\/v2\/posts\/4560","targetHints":{"allow":["GET"]}}],"collection":[{"href":"https:\/\/www.laeuferriege-neuenkirch.ch\/index.php?rest_route=\/wp\/v2\/posts"}],"about":[{"href":"https:\/\/www.laeuferriege-neuenkirch.ch\/index.php?rest_route=\/wp\/v2\/types\/post"}],"author":[{"embeddable":true,"href":"https:\/\/www.laeuferriege-neuenkirch.ch\/index.php?rest_route=\/wp\/v2\/users\/1"}],"replies":[{"embeddable":true,"href":"https:\/\/www.laeuferriege-neuenkirch.ch\/index.php?rest_route=%2Fwp%2Fv2%2Fcomments&post=4560"}],"version-history":[{"count":2,"href":"https:\/\/www.laeuferriege-neuenkirch.ch\/index.php?rest_route=\/wp\/v2\/posts\/4560\/revisions"}],"predecessor-version":[{"id":4562,"href":"https:\/\/www.laeuferriege-neuenkirch.ch\/index.php?rest_route=\/wp\/v2\/posts\/4560\/revisions\/4562"}],"wp:attachment":[{"href":"https:\/\/www.laeuferriege-neuenkirch.ch\/index.php?rest_route=%2Fwp%2Fv2%2Fmedia&parent=4560"}],"wp:term":[{"taxonomy":"category","embeddable":true,"href":"https:\/\/www.laeuferriege-neuenkirch.ch\/index.php?rest_route=%2Fwp%2Fv2%2Fcategories&post=4560"},{"taxonomy":"post_tag","embeddable":true,"href":"https:\/\/www.laeuferriege-neuenkirch.ch\/index.php?rest_route=%2Fwp%2Fv2%2Ftags&post=4560"}],"curies":[{"name":"wp","href":"https:\/\/api.w.org\/{rel}","templated":true}]}}