{"id":4488,"date":"2011-07-03T20:00:14","date_gmt":"2011-07-03T19:00:14","guid":{"rendered":"http:\/\/www.laeuferriege-neuenkirch.ch\/?p=4488"},"modified":"2011-07-06T07:19:28","modified_gmt":"2011-07-06T06:19:28","slug":"tina-loosli-kevin-erni-sind-die-schnellsten","status":"publish","type":"post","link":"https:\/\/www.laeuferriege-neuenkirch.ch\/?p=4488","title":{"rendered":"Tina Loosli &#038; Kevin Erni sind die Schnellsten"},"content":{"rendered":"<p><strong>Am 3. Juli war es wieder so weit: die L\u00e4uferriege Neuenkirch suchte den Schnellsten bzw. die Schnellste der Gemeinde. Viele spannende Zweik\u00e4mpfe und schnelle Beine machten den sonst schon sch\u00f6nen Tag zu einem sportlichen Highlight.<\/strong><\/p>\n<p><!--more--><a href=\"https:\/\/www.laeuferriege-neuenkirch.ch\/wp-content\/uploads\/2011\/07\/20110703_151117_319.jpg\" rel=\"lightbox[4488]\"><img loading=\"lazy\" decoding=\"async\" class=\"alignleft size-medium wp-image-4354\" title=\"20110703_151117_319\" src=\"https:\/\/www.laeuferriege-neuenkirch.ch\/wp-content\/uploads\/2011\/07\/20110703_151117_319-300x199.jpg\" alt=\"\" width=\"300\" height=\"199\" srcset=\"https:\/\/www.laeuferriege-neuenkirch.ch\/wp-content\/uploads\/2011\/07\/20110703_151117_319-300x199.jpg 300w, https:\/\/www.laeuferriege-neuenkirch.ch\/wp-content\/uploads\/2011\/07\/20110703_151117_319-75x49.jpg 75w, https:\/\/www.laeuferriege-neuenkirch.ch\/wp-content\/uploads\/2011\/07\/20110703_151117_319.jpg 800w\" sizes=\"auto, (max-width: 300px) 100vw, 300px\" \/><\/a>Jung und nicht mehr ganz so jung waren mit dabei, als der Starter sein Kommando gab. Zwischen Jahrgang 1958 und 2009 sprinteten und stolperten rund 240 Teilnehmer in Richtung Ziel. Es galt die Vorjahressieger zu schlagen und sich gleichzeitig einen Platz am Migros \u2013 Sprint \u2013 Kantonalfinal zu sichern (Sieger mit Jg. 1996 \u2013 2004).<\/p>\n<p>&nbsp;<\/p>\n<p>&nbsp;<\/p>\n<p>&nbsp;<\/p>\n<p><strong>Ein Auszug der Rangliste:<\/strong><\/p>\n<ul>\n<li><strong>Kat. 1, Pf\u00f6deri 06+ weibl.:<\/strong> 1. L\u00fctolf Elena 06 Neuenkirch, 2. Stirnimann Seraina, 3. B\u00fchlmann Jana<a href=\"https:\/\/www.laeuferriege-neuenkirch.ch\/wp-content\/uploads\/2011\/07\/20110703_170021_444.jpg\" rel=\"lightbox[4488]\"><img loading=\"lazy\" decoding=\"async\" class=\"alignright size-medium wp-image-4477\" title=\"20110703_170021_444\" src=\"https:\/\/www.laeuferriege-neuenkirch.ch\/wp-content\/uploads\/2011\/07\/20110703_170021_444-200x300.jpg\" alt=\"\" width=\"200\" height=\"300\" srcset=\"https:\/\/www.laeuferriege-neuenkirch.ch\/wp-content\/uploads\/2011\/07\/20110703_170021_444-200x300.jpg 200w, https:\/\/www.laeuferriege-neuenkirch.ch\/wp-content\/uploads\/2011\/07\/20110703_170021_444-50x75.jpg 50w, https:\/\/www.laeuferriege-neuenkirch.ch\/wp-content\/uploads\/2011\/07\/20110703_170021_444.jpg 400w\" sizes=\"auto, (max-width: 200px) 100vw, 200px\" \/><\/a><\/li>\n<li><strong>Kat. 2, Pf\u00f6deri 06+ m\u00e4nnl.:<\/strong> 1. Brun Nando, 2. B\u00fchlmann Silas, 3. Bucher Mika<\/li>\n<li><strong>Kat. 3, Jg. 04\/05 weibl.:<\/strong> 1. K\u00e4mpfer Linda, 2. Wicki Marina, 3. Geisseler Lea<\/li>\n<li><strong>Kat. 4, Jg. 04\/05 m\u00e4nnl.:<\/strong> 1. Bucher Adrian, 2. Achermann Remo, 3. Oetliker Mario<\/li>\n<li><strong>Kat. 5, Jg. 02\/03 weibl.:<\/strong> 1. Gloggner Leana, 2. Stocker Leandra, 3. Pushparajah Beulah<\/li>\n<li><strong>Kat. 6, Jg. 02\/03 m\u00e4nl.:<\/strong> 1. Furrer Florian, 2. B\u00fchlmann Kilian, 3. Pellizzoni Sandro<\/li>\n<li><strong>Kat. 7, Jg. 00\/01 weibl.:<\/strong> 1. Helfenstein Lynn, 2. Helfenstein Nadine, 3. Lingg Sara<\/li>\n<li><strong>Kat. 8, Jg. 00\/01 m\u00e4nnl.:<\/strong> 1. Stumborg Brian, 2. Peter Fabian, 3. Brun Sven<\/li>\n<li><strong>Kat. 9, Jg. 98\/99 weibl.:<\/strong> 1. Binggeli Michelle, 2. Buchmann Nora, 3. Ferati Toska<\/li>\n<li><strong>Kat. 10, Jg. 98\/99 m\u00e4nnl.:<\/strong> 1. B\u00fchlmann Raphael, 2. Lika Patrik, 3. Dedato Michele<\/li>\n<li><strong>Kat. 11, Jg. 95\/96\/97 weibl.:<\/strong> 1. Loosli Tina (Tagessiegerin), 2. Brunner Nicole, 3. Krummenacher Simone<\/li>\n<li><strong>Kat. 12, Jg. 95\/96\/97 m\u00e4nnl.:<\/strong> 1. Meier Dominik, 2. Schaller Silvan, 3. Durrer C\u00e9dric<\/li>\n<li><strong>Kat. 13, Fun ab Jg. 94 weibl.:<\/strong> 1. J\u00e4ger Eveline, 2. B\u00fchlmann Petra, 3. Vogel Karin<\/li>\n<li><strong>Kat 14, Fun ab Jg 94 m\u00e4nnl.:<\/strong> 1. Erni Kevin (Tagessieger), 2. Egloff This, 3. Schnyder Silvan<\/li>\n<\/ul>\n<p><a href=\"https:\/\/www.laeuferriege-neuenkirch.ch\/wp-content\/uploads\/2011\/07\/Rangliste-Migros-Sprint-und-Schnellscht-Neuenkircher-03.06.2011.pdf\" target=\"_blank\">Die ganze Rangliste gibt es hier.<\/a><\/p>\n<p><a title=\"03.07.2011 \u2013 Schnellster Neuenkircher\" href=\"https:\/\/www.laeuferriege-neuenkirch.ch\/?p=4038\">Und die ganz vielen Fotos hier.<\/a><\/p>\n<p><strong>Die L\u00e4uferriege bedankt sich ganz herzlich f\u00fcr die vielen tollen Eins\u00e4tze, die lautstarken Fans, die grossz\u00fcgigen Sponsoren &amp; G\u00f6nner und die \u201egfr\u00e4sigen\u201c Zuschauer. Es war ein unvergesslicher Tag!<\/strong><\/p>\n","protected":false},"excerpt":{"rendered":"<p>Am 3. Juli war es wieder so weit: die L\u00e4uferriege Neuenkirch suchte den Schnellsten bzw. die Schnellste der Gemeinde. Viele spannende Zweik\u00e4mpfe und schnelle Beine &hellip;<\/p>\n","protected":false},"author":1,"featured_media":0,"comment_status":"closed","ping_status":"closed","sticky":false,"template":"","format":"standard","meta":{"_themeisle_gutenberg_block_has_review":false,"footnotes":""},"categories":[9],"tags":[],"class_list":["post-4488","post","type-post","status-publish","format-standard","hentry","category-news"],"_links":{"self":[{"href":"https:\/\/www.laeuferriege-neuenkirch.ch\/index.php?rest_route=\/wp\/v2\/posts\/4488","targetHints":{"allow":["GET"]}}],"collection":[{"href":"https:\/\/www.laeuferriege-neuenkirch.ch\/index.php?rest_route=\/wp\/v2\/posts"}],"about":[{"href":"https:\/\/www.laeuferriege-neuenkirch.ch\/index.php?rest_route=\/wp\/v2\/types\/post"}],"author":[{"embeddable":true,"href":"https:\/\/www.laeuferriege-neuenkirch.ch\/index.php?rest_route=\/wp\/v2\/users\/1"}],"replies":[{"embeddable":true,"href":"https:\/\/www.laeuferriege-neuenkirch.ch\/index.php?rest_route=%2Fwp%2Fv2%2Fcomments&post=4488"}],"version-history":[{"count":13,"href":"https:\/\/www.laeuferriege-neuenkirch.ch\/index.php?rest_route=\/wp\/v2\/posts\/4488\/revisions"}],"predecessor-version":[{"id":4502,"href":"https:\/\/www.laeuferriege-neuenkirch.ch\/index.php?rest_route=\/wp\/v2\/posts\/4488\/revisions\/4502"}],"wp:attachment":[{"href":"https:\/\/www.laeuferriege-neuenkirch.ch\/index.php?rest_route=%2Fwp%2Fv2%2Fmedia&parent=4488"}],"wp:term":[{"taxonomy":"category","embeddable":true,"href":"https:\/\/www.laeuferriege-neuenkirch.ch\/index.php?rest_route=%2Fwp%2Fv2%2Fcategories&post=4488"},{"taxonomy":"post_tag","embeddable":true,"href":"https:\/\/www.laeuferriege-neuenkirch.ch\/index.php?rest_route=%2Fwp%2Fv2%2Ftags&post=4488"}],"curies":[{"name":"wp","href":"https:\/\/api.w.org\/{rel}","templated":true}]}}