{"id":3766,"date":"2011-06-25T20:00:14","date_gmt":"2011-06-25T19:00:14","guid":{"rendered":"http:\/\/www.laeuferriege-neuenkirch.ch\/?p=3766"},"modified":"2011-06-29T10:52:09","modified_gmt":"2011-06-29T09:52:09","slug":"lauferriege-neuenkirch-am-hellebardenlauf-in-sempach","status":"publish","type":"post","link":"https:\/\/www.laeuferriege-neuenkirch.ch\/?p=3766","title":{"rendered":"L\u00e4uferriege Neuenkirch am Hellebardenlauf in Sempach"},"content":{"rendered":"<p><strong>Kurz vor der Sommerpause hiess es f\u00fcr die L\u00e4uferriege Neuenkirch nochmals Schuhe schn\u00fcren und Vollgas geben am 30. Hellebardenlauf in Sempach. Bei angenehmen Temperaturen spulten die Gelb-Roten entweder 600m, 1km, 5,8km oder 16,1km ab. Und dieses Vorhaben gelang ihnen mit Bravour.<\/strong><\/p>\n<p><!--more--><a href=\"https:\/\/www.laeuferriege-neuenkirch.ch\/wp-content\/uploads\/2011\/06\/20110625_162134_31.jpg\" rel=\"lightbox[3766]\"><img loading=\"lazy\" decoding=\"async\" class=\"alignright size-medium wp-image-3807\" title=\"20110625_162134_31\" src=\"https:\/\/www.laeuferriege-neuenkirch.ch\/wp-content\/uploads\/2011\/06\/20110625_162134_31-300x199.jpg\" alt=\"\" width=\"300\" height=\"199\" srcset=\"https:\/\/www.laeuferriege-neuenkirch.ch\/wp-content\/uploads\/2011\/06\/20110625_162134_31-300x199.jpg 300w, https:\/\/www.laeuferriege-neuenkirch.ch\/wp-content\/uploads\/2011\/06\/20110625_162134_31-75x49.jpg 75w, https:\/\/www.laeuferriege-neuenkirch.ch\/wp-content\/uploads\/2011\/06\/20110625_162134_31.jpg 800w\" sizes=\"auto, (max-width: 300px) 100vw, 300px\" \/><\/a>Auf Seiten der L\u00e4uferriege wurde das Wettkampfgeschehen mit einem Paukenschlag er\u00f6ffnet mit den L\u00e4ufern der m\u00e4nnlichen U10 \u00fcber 600m. Allen voran zeigte Kilian B\u00fchlmann einmal mehr ein unwiderstehliches Rennen und siegte unangefochten in seiner Kategorie. Vom Resultat ihres Kollegen befl\u00fcgelt konnten Sandro Pellizzoni und Jonas Bucher als 4. bzw. 6. im Ziel einlaufen. Auch die L\u00e4uferinnen \u00fcber 600m zeigten sich von ihrer besten Seite.<\/p>\n<p><a href=\"https:\/\/www.laeuferriege-neuenkirch.ch\/wp-content\/uploads\/2011\/06\/20110625_162250_35.jpg\" rel=\"lightbox[3766]\"><img loading=\"lazy\" decoding=\"async\" class=\"alignleft size-medium wp-image-3811\" title=\"20110625_162250_35\" src=\"https:\/\/www.laeuferriege-neuenkirch.ch\/wp-content\/uploads\/2011\/06\/20110625_162250_35-200x300.jpg\" alt=\"\" width=\"200\" height=\"300\" srcset=\"https:\/\/www.laeuferriege-neuenkirch.ch\/wp-content\/uploads\/2011\/06\/20110625_162250_35-200x300.jpg 200w, https:\/\/www.laeuferriege-neuenkirch.ch\/wp-content\/uploads\/2011\/06\/20110625_162250_35-50x75.jpg 50w, https:\/\/www.laeuferriege-neuenkirch.ch\/wp-content\/uploads\/2011\/06\/20110625_162250_35.jpg 400w\" sizes=\"auto, (max-width: 200px) 100vw, 200px\" \/><\/a>Lea Geisseler musste nur gerade einer Kontrahentin den Vortritt lassen, dicht gefolgt von Kaya Hirschi\u00a0 auf Platz 4 und der Newcomerin Marina Wicki auf Platz 7. Ebenfalls einen 7. Rang durfte Leandra Stocker bei den weiblichen U10 auf ihrem Konto verbuchen. F\u00fcr die Jugendkategorien galt es eine Distanz von 1km m\u00f6glichst schnell hinter sich zu bringen. Top-Ten Platzierungen lieferten hier Luana Limacher und Tamara Hirschi mit je einem 6. Rang in ihrer Altersklasse.<\/p>\n<p>Auch auf der Hellebardino-Strecke von 5.8km war die L\u00e4uferriege gut vertreten. Einige eingefleischte wagten hier gar einen zweiten Start an diesem Tag um sich die sch\u00f6ne Streckenf\u00fchrung durch die idyllische Landschaft nicht entgehen zu lassen. W\u00e4hrend Max Krauer bei der m\u00e4nnlichen U18 Kategorie den guten 7.\u00a0 Rang erreichte, erlief sich Christian Schnyder \u2013 aufgrund von Verletzungspech dieses Jahr \u201anur\u2018 auf der kurzen Strecke- ebenfalls einen 7. Rang, gefolgt von Michael W\u00fcest auf Rang 8. Bei den Girls erreichte Luana Limacher als 9. kurz vor Tamara Hirschi das Ziel im St\u00e4dtli Sempach.<\/p>\n<p>&nbsp;<\/p>\n<p><a title=\"25.06.2011 \u2013 Hellebardenlauf Sempach\" href=\"https:\/\/www.laeuferriege-neuenkirch.ch\/?p=3774\">Ab zu den Fotos&#8230;<\/a><\/p>\n<p><strong>Auszug aus der Rangliste:<\/strong> <strong>Mu10:<\/strong> 1. Kilian B\u00fchlmann, 4. Sandro Pellizzoni, 6. Jonas Bucher; <strong>Mu12:<\/strong> 21. Nicola Krummenacher, 22. Raphael Helfenstein; <strong>Mu14:<\/strong> 17. Silvan Arnet; <strong>Wu8:<\/strong> 2. Lea Geisseler, 4. Kaya Hirschi, 7. Marina Wicki, 20. Kim Wiederkehr; <strong>Wu10:<\/strong> 7. Leandra Stocker; <strong>Wu12:<\/strong> 6. Tamara Hirschi, 44. Nina Geisseler; <strong>Wu14:<\/strong> 27. Tanja Bammert, 36. Deborah Helfenstein; <strong>Wu16:<\/strong> 6. Luana Limacher; <strong>Hellebardino:<\/strong> <strong>Mu18:<\/strong> 7. Max Krauer; <strong>M20:<\/strong> 7. Chregi Schnyder, 8. Michael W\u00fcest; <strong>Wu18:<\/strong> 9. Luana Limacher, 10. Tamara Hirschi, 12. Tina Loosli, 23. Tanja Bammert, 25. Simone Krummenacher, 34. Sabine W\u00fcest; <strong>Hellebardenlauf:<\/strong> <strong>M20:<\/strong> 13. Raphael Wolfisberg<\/p>\n","protected":false},"excerpt":{"rendered":"<p>Kurz vor der Sommerpause hiess es f\u00fcr die L\u00e4uferriege Neuenkirch nochmals Schuhe schn\u00fcren und Vollgas geben am 30. Hellebardenlauf in Sempach. Bei angenehmen Temperaturen spulten &hellip;<\/p>\n","protected":false},"author":1,"featured_media":0,"comment_status":"closed","ping_status":"closed","sticky":false,"template":"","format":"standard","meta":{"_themeisle_gutenberg_block_has_review":false,"footnotes":""},"categories":[9],"tags":[],"class_list":["post-3766","post","type-post","status-publish","format-standard","hentry","category-news"],"_links":{"self":[{"href":"https:\/\/www.laeuferriege-neuenkirch.ch\/index.php?rest_route=\/wp\/v2\/posts\/3766","targetHints":{"allow":["GET"]}}],"collection":[{"href":"https:\/\/www.laeuferriege-neuenkirch.ch\/index.php?rest_route=\/wp\/v2\/posts"}],"about":[{"href":"https:\/\/www.laeuferriege-neuenkirch.ch\/index.php?rest_route=\/wp\/v2\/types\/post"}],"author":[{"embeddable":true,"href":"https:\/\/www.laeuferriege-neuenkirch.ch\/index.php?rest_route=\/wp\/v2\/users\/1"}],"replies":[{"embeddable":true,"href":"https:\/\/www.laeuferriege-neuenkirch.ch\/index.php?rest_route=%2Fwp%2Fv2%2Fcomments&post=3766"}],"version-history":[{"count":4,"href":"https:\/\/www.laeuferriege-neuenkirch.ch\/index.php?rest_route=\/wp\/v2\/posts\/3766\/revisions"}],"predecessor-version":[{"id":3868,"href":"https:\/\/www.laeuferriege-neuenkirch.ch\/index.php?rest_route=\/wp\/v2\/posts\/3766\/revisions\/3868"}],"wp:attachment":[{"href":"https:\/\/www.laeuferriege-neuenkirch.ch\/index.php?rest_route=%2Fwp%2Fv2%2Fmedia&parent=3766"}],"wp:term":[{"taxonomy":"category","embeddable":true,"href":"https:\/\/www.laeuferriege-neuenkirch.ch\/index.php?rest_route=%2Fwp%2Fv2%2Fcategories&post=3766"},{"taxonomy":"post_tag","embeddable":true,"href":"https:\/\/www.laeuferriege-neuenkirch.ch\/index.php?rest_route=%2Fwp%2Fv2%2Ftags&post=3766"}],"curies":[{"name":"wp","href":"https:\/\/api.w.org\/{rel}","templated":true}]}}