{"id":3629,"date":"2011-06-19T20:00:36","date_gmt":"2011-06-19T19:00:36","guid":{"rendered":"http:\/\/www.laeuferriege-neuenkirch.ch\/?p=3629"},"modified":"2011-06-29T06:16:41","modified_gmt":"2011-06-29T05:16:41","slug":"die-lr-neuenkirch-trotzt-in-zug-wind-und-wetter","status":"publish","type":"post","link":"https:\/\/www.laeuferriege-neuenkirch.ch\/?p=3629","title":{"rendered":"Die LR Neuenkirch trotzt in Zug Wind und Wetter"},"content":{"rendered":"<p><strong>Der Innerschweizer Leichtathletik-Verband war auch dieses Jahr wieder Organisator der Einkampfmeisterschaften in der Hertiallmend. Das Wochenende vom 18. \/ 19. Juni schien wettertechnisch unter einem ung\u00fcnstigen Stern zu stehen. Die Bedingungen waren schwierig: Windb\u00f6en und teilweise heftiger Regen forderten die Athleten zus\u00e4tzlich.<\/strong><\/p>\n<p><!--more--><a href=\"https:\/\/www.laeuferriege-neuenkirch.ch\/wp-content\/uploads\/2011\/06\/20110618_141940_10.jpg\" rel=\"lightbox[3629]\"><img loading=\"lazy\" decoding=\"async\" class=\"alignleft size-medium wp-image-3640\" title=\"20110618_141940_10\" src=\"https:\/\/www.laeuferriege-neuenkirch.ch\/wp-content\/uploads\/2011\/06\/20110618_141940_10-300x282.jpg\" alt=\"\" width=\"300\" height=\"282\" srcset=\"https:\/\/www.laeuferriege-neuenkirch.ch\/wp-content\/uploads\/2011\/06\/20110618_141940_10-300x282.jpg 300w, https:\/\/www.laeuferriege-neuenkirch.ch\/wp-content\/uploads\/2011\/06\/20110618_141940_10-75x70.jpg 75w, https:\/\/www.laeuferriege-neuenkirch.ch\/wp-content\/uploads\/2011\/06\/20110618_141940_10.jpg 638w\" sizes=\"auto, (max-width: 300px) 100vw, 300px\" \/><\/a>Kevin Erni liess sich davon aber nicht beirren. \u00dcber die 400m zeigte er erneut ein starkes Rennen. Kevin best\u00e4tigte seine Leistungen im Vorfeld erneut und konnte das knappe Rennen f\u00fcr sich entscheiden. Die Goldmedaille hatte er sich mehr als verdient!<\/p>\n<p>Tina Loosli startete \u00fcber 600m und lief einmal mehr ein sehr konstantes Rennen. Mit einer guten Zeit von 1:52 min. reichte es ihr f\u00fcr den tollen 6. Platz. Super!<\/p>\n<p>Auch Sven Brun lief die 1.5 Runden auf der Bahn und durfte sich als ebenfalls 6. \u00fcber eine tolle Zeit von 2:01 min. freuen. Weiter so, Sven!<\/p>\n<p>Weiter standen Lynn Helfenstein und Tamara Hirschi am Start. In zwei verschiednen Serien liefen sie \u00fcber die 600m sie ein \u00e4hnliches Rennen und mussten sich erst am Schluss von ihren Konkurrentinnen geschlagen geben. Lynn konnte sich nach der Schlusswertung die Silbermedaille umh\u00e4ngen lassen, w\u00e4hrend Tamara sich \u00fcber ihren 6. Rang freuen durfte.<\/p>\n<p>Angespornt durch ihre tolle Leistung, doppelte Lynn gleich nach. Ein Tag sp\u00e4ter qualifizierte sie sich im Sprint \u00fcber die 60m f\u00fcr das Final und verpasst dort das Podest nur knapp. Ein toller 4. Rang! Als letztes versuchte sie sich auch im Weitsprung, wo sie starke Nerven bewies. Nach 2 \u201eNuller\u201c ersprang Lynn im letzten Versuch den 3. Schlussrang und somit die Bronzemedaille. Herzliche Gratulation!<\/p>\n<p>Auch Max Krauer war mit dabei in Zug. Im sehr ambitionierten Feld erlief er sich \u00fcber die 2000m den guten 11. Schlussrang. Gut gemacht, Max!<\/p>\n<p>In den Wurfdisziplinen war Sabine W\u00fcest nicht nur mit von der Partie, sondern vorne dabei. Angestachelt durch ihre sehr starken Konkurrentinnen, stiess sie sich im Kugelstossen auf das silberne Treppchen und knackte nebenbei auch noch die SM-Limite! Nach dieser super Leistung stand f\u00fcr Sabine noch der Diskuswettkampf aus. Der aufkommende Wind erschwerte die sonst schon schwierige Wurfdisziplin zus\u00e4tzlich. Sabine meisterte diese H\u00fcrde aber souver\u00e4n und durfte sich am Ende \u00fcber eine weitere Medaille, dieses Mal die bronzene, freuen.<\/p>\n<p>Mit diesen tollen Leistungen rundete sie ein sehr erfolgreiches Wochenende ab und erweiterte die Medaillensammlung der LR um ein weiteres St\u00fcck!<\/p>\n<p><a title=\"18. \u2013 19.06.2011 \u2013 Einkampfmeisterschaften Zug\" href=\"https:\/\/www.laeuferriege-neuenkirch.ch\/?p=3626\">Zu den Fotos&#8230;<\/a><\/p>\n","protected":false},"excerpt":{"rendered":"<p>Der Innerschweizer Leichtathletik-Verband war auch dieses Jahr wieder Organisator der Einkampfmeisterschaften in der Hertiallmend. Das Wochenende vom 18. \/ 19. Juni schien wettertechnisch unter einem &hellip;<\/p>\n","protected":false},"author":1,"featured_media":0,"comment_status":"closed","ping_status":"closed","sticky":false,"template":"","format":"standard","meta":{"_themeisle_gutenberg_block_has_review":false,"footnotes":""},"categories":[9],"tags":[],"class_list":["post-3629","post","type-post","status-publish","format-standard","hentry","category-news"],"_links":{"self":[{"href":"https:\/\/www.laeuferriege-neuenkirch.ch\/index.php?rest_route=\/wp\/v2\/posts\/3629","targetHints":{"allow":["GET"]}}],"collection":[{"href":"https:\/\/www.laeuferriege-neuenkirch.ch\/index.php?rest_route=\/wp\/v2\/posts"}],"about":[{"href":"https:\/\/www.laeuferriege-neuenkirch.ch\/index.php?rest_route=\/wp\/v2\/types\/post"}],"author":[{"embeddable":true,"href":"https:\/\/www.laeuferriege-neuenkirch.ch\/index.php?rest_route=\/wp\/v2\/users\/1"}],"replies":[{"embeddable":true,"href":"https:\/\/www.laeuferriege-neuenkirch.ch\/index.php?rest_route=%2Fwp%2Fv2%2Fcomments&post=3629"}],"version-history":[{"count":2,"href":"https:\/\/www.laeuferriege-neuenkirch.ch\/index.php?rest_route=\/wp\/v2\/posts\/3629\/revisions"}],"predecessor-version":[{"id":3768,"href":"https:\/\/www.laeuferriege-neuenkirch.ch\/index.php?rest_route=\/wp\/v2\/posts\/3629\/revisions\/3768"}],"wp:attachment":[{"href":"https:\/\/www.laeuferriege-neuenkirch.ch\/index.php?rest_route=%2Fwp%2Fv2%2Fmedia&parent=3629"}],"wp:term":[{"taxonomy":"category","embeddable":true,"href":"https:\/\/www.laeuferriege-neuenkirch.ch\/index.php?rest_route=%2Fwp%2Fv2%2Fcategories&post=3629"},{"taxonomy":"post_tag","embeddable":true,"href":"https:\/\/www.laeuferriege-neuenkirch.ch\/index.php?rest_route=%2Fwp%2Fv2%2Ftags&post=3629"}],"curies":[{"name":"wp","href":"https:\/\/api.w.org\/{rel}","templated":true}]}}