{"id":3239,"date":"2011-06-01T20:00:05","date_gmt":"2011-06-01T19:00:05","guid":{"rendered":"http:\/\/www.laeuferriege-neuenkirch.ch\/?p=3239"},"modified":"2011-06-08T12:37:55","modified_gmt":"2011-06-08T11:37:55","slug":"5-medaillen-fur-die-lr-neuenkirch-an-der-innerschweizer-staffelmeisterschaft-in-zug","status":"publish","type":"post","link":"https:\/\/www.laeuferriege-neuenkirch.ch\/?p=3239","title":{"rendered":"5 Medaillen f\u00fcr die LR Neuenkirch an der Innerschweizer Staffelmeisterschaft in Zug"},"content":{"rendered":"<p><strong>Bei trockenem und kaltem Wetter ging am 1. Juni die ISM in Zug \u00fcber die B\u00fchne. Sabine, Luana, Tina, Max und Kevin aus der LR waren zusammen mit Verst\u00e4rkung aus der LG Luzern-Nord auf Medaillenjagd.<\/strong><\/p>\n<p><strong><\/strong><!--more--><\/p>\n<p><a href=\"https:\/\/www.laeuferriege-neuenkirch.ch\/wp-content\/uploads\/2011\/06\/20110601_214016_48.jpg\" rel=\"lightbox[3239]\"><img loading=\"lazy\" decoding=\"async\" class=\"alignleft size-medium wp-image-3235\" title=\"20110601_214016_48\" src=\"https:\/\/www.laeuferriege-neuenkirch.ch\/wp-content\/uploads\/2011\/06\/20110601_214016_48-300x199.jpg\" alt=\"\" width=\"300\" height=\"199\" srcset=\"https:\/\/www.laeuferriege-neuenkirch.ch\/wp-content\/uploads\/2011\/06\/20110601_214016_48-300x199.jpg 300w, https:\/\/www.laeuferriege-neuenkirch.ch\/wp-content\/uploads\/2011\/06\/20110601_214016_48-75x49.jpg 75w, https:\/\/www.laeuferriege-neuenkirch.ch\/wp-content\/uploads\/2011\/06\/20110601_214016_48.jpg 800w\" sizes=\"auto, (max-width: 300px) 100vw, 300px\" \/><\/a>Es ist immer ein besonderes Highlight, wenn nach der Winterpause zum ersten Mal mit der LG auf der roten Bahn gestartet wird. Staffeln sind f\u00fcr Einzelk\u00e4mpfer, wie es die L\u00e4ufer sind, eine besondere Herausforderung. Die f\u00fcnf L\u00e4uferInnen aus der LR Neuenkirch haben sich dieser spannenden Aufgabe gestellt und waren sehr erfolgreich!<\/p>\n<p>Max Krauer startete mit zwei Teamkollegen aus der LG \u00fcber die  3x1000m in der Kategorie U16. Mit einer guten Zeit von 10:05.54 min. reichte es f\u00fcr das Trio zum 6. Rang. Herzliche Gratulation.<\/p>\n<p>Tina Loosli und Luana Limacher versuchten sich in der Sprint-Staffel \u00fcber 5x80m. Ungewohnt kurze Strecken legten sie zusammen mit 3 weiteren L\u00e4uferinnen aus der LG Luzern-Nord zur\u00fcck. Leider reichte es nicht f\u00fcr eine Finalqualifikation.<\/p>\n<p>F\u00fcr Tina Loosli war der Tag aber noch nicht zu Ende. Auch \u00fcber die 3x1000m in der Kategorie U16 war sie mit dabei. \u00dcber die diesmal gewohnte Distanz lief Tina trotz Knieschmerzen ein souver\u00e4nes Rennen und konnte sich, zusammen mit zwei Teamkolleginnen \u00fcber den 3. Rang freuen.<\/p>\n<p>Auch Sabine W\u00fcest stand gleich zwei Mal im Einsatz. Zuerst in der Kategorie U18 \u00fcber die 4x100m, in der f\u00fcr sie der 2. Rang herausschaute. Auch in der olympischen Staffel (Start der 800m-L\u00e4uferin, dann 400m, 200m und 100m) sprintete Sabine als Schlussl\u00e4uferin die 100m dem Ziel entgegen. Der 3. Rang bedeutete f\u00fcr sie die 2. Medaille am selben Tag. Super, Sabine!<\/p>\n<p>Der letzte Trumpf im \u00c4rmel der LR war Kevin Erni. Sein sehr gute physische Verfassung und die ebenfalls sehr starken Teamkollegen aus der LG Luzern-Nord liessen die Gegner alt aussehen. In der Kategorie M\u00e4nner gewannen Kevin und sein Team in der 4x100m-Staffel die Silbermedaille. In der olympischen Staffel lief Kevin die 400m sensationell gut. Mit gut 20m R\u00fcckstand \u00fcbernahm er den Stab vom 800m-L\u00e4ufer. Er holte seine Gegner auf und \u00fcbergab mit fast 20m Vorsprung. Eine grandiose Leistung, welche ihm und seinem Team Gold bescherte. Herzliche Gratulation, Kevin!<\/p>\n<p><a title=\"01.06.2011 \u2013 Innerschweizer Staffelmeisterschaft Zug\" href=\"https:\/\/www.laeuferriege-neuenkirch.ch\/?p=3188\">Hier geht&#8217;s zu den Fotos!<\/a><\/p>\n","protected":false},"excerpt":{"rendered":"<p>Bei trockenem und kaltem Wetter ging am 1. Juni die ISM in Zug \u00fcber die B\u00fchne. Sabine, Luana, Tina, Max und Kevin aus der LR &hellip;<\/p>\n","protected":false},"author":1,"featured_media":0,"comment_status":"closed","ping_status":"closed","sticky":false,"template":"","format":"standard","meta":{"_themeisle_gutenberg_block_has_review":false,"footnotes":""},"categories":[9],"tags":[],"class_list":["post-3239","post","type-post","status-publish","format-standard","hentry","category-news"],"_links":{"self":[{"href":"https:\/\/www.laeuferriege-neuenkirch.ch\/index.php?rest_route=\/wp\/v2\/posts\/3239","targetHints":{"allow":["GET"]}}],"collection":[{"href":"https:\/\/www.laeuferriege-neuenkirch.ch\/index.php?rest_route=\/wp\/v2\/posts"}],"about":[{"href":"https:\/\/www.laeuferriege-neuenkirch.ch\/index.php?rest_route=\/wp\/v2\/types\/post"}],"author":[{"embeddable":true,"href":"https:\/\/www.laeuferriege-neuenkirch.ch\/index.php?rest_route=\/wp\/v2\/users\/1"}],"replies":[{"embeddable":true,"href":"https:\/\/www.laeuferriege-neuenkirch.ch\/index.php?rest_route=%2Fwp%2Fv2%2Fcomments&post=3239"}],"version-history":[{"count":2,"href":"https:\/\/www.laeuferriege-neuenkirch.ch\/index.php?rest_route=\/wp\/v2\/posts\/3239\/revisions"}],"predecessor-version":[{"id":3241,"href":"https:\/\/www.laeuferriege-neuenkirch.ch\/index.php?rest_route=\/wp\/v2\/posts\/3239\/revisions\/3241"}],"wp:attachment":[{"href":"https:\/\/www.laeuferriege-neuenkirch.ch\/index.php?rest_route=%2Fwp%2Fv2%2Fmedia&parent=3239"}],"wp:term":[{"taxonomy":"category","embeddable":true,"href":"https:\/\/www.laeuferriege-neuenkirch.ch\/index.php?rest_route=%2Fwp%2Fv2%2Fcategories&post=3239"},{"taxonomy":"post_tag","embeddable":true,"href":"https:\/\/www.laeuferriege-neuenkirch.ch\/index.php?rest_route=%2Fwp%2Fv2%2Ftags&post=3239"}],"curies":[{"name":"wp","href":"https:\/\/api.w.org\/{rel}","templated":true}]}}