{"id":3183,"date":"2011-05-21T20:00:13","date_gmt":"2011-05-21T19:00:13","guid":{"rendered":"http:\/\/www.laeuferriege-neuenkirch.ch\/?p=3183"},"modified":"2011-05-31T18:08:09","modified_gmt":"2011-05-31T17:08:09","slug":"erfolgreiche-lr-neuenkirch-am-sempacherseelauf","status":"publish","type":"post","link":"https:\/\/www.laeuferriege-neuenkirch.ch\/?p=3183","title":{"rendered":"Erfolgreiche LR Neuenkirch am Sempacherseelauf"},"content":{"rendered":"<p><strong>Bei tollem Wetter und guter Stimmung in Sursee und rund um den Sempachersee, war der Grundstein f\u00fcr einen attraktiven Wettkampftag gelegt. Die L\u00e4uferriege Neuenkirch konnte mit 7 Podestpl\u00e4tzen ein starkes Statement in der noch jungen Saison setzen.<\/strong><\/p>\n<p><strong><!--more--><\/strong>Die j\u00fcngsten M\u00e4dchen er\u00f6ffneten das Rennen auf der 700m langen Rundstrecke durch das St\u00e4dtchen Sursee. Mit dabei und mit einem riesigen Abstand von 17 Sekunden allen voran im Ziel, war Lea Geisseler. Gerade hinter ihr platzierte sich Kaya Hirschi auf Rang 2. Auch Kim Wiederkehr als 4., Sara Brun als 13. und Kim Hirschi als 33. zeigten super Leistungen. Angespornt durch ihre Teamkolleginnen zeigten auch die U8 Knaben einmal mehr ihr K\u00f6nnen. Kilian B\u00fchlmann und Sandro Pellizzoni auf Rang 1 und 2 dominierten das Feld vor ihren Teamkollegen Jonas Bucher auf Rang 8 und Nils Wolanin auf Rang 19. In der Kategorie U10 und der immer noch 700m langen Strecke, versuchte sich auch Leandra Stocker und platzierte sich auf dem tollen 3. Schlussrang. Nicola Krummenacher und Raphael Helfenstein starteten in der Kategorie U12 \u00fcber die l\u00e4ngere Distanz von 1300m. Die beiden liefen ein konstantes Rennen und durften sich \u00fcber Platz 13 und 17 freuen. Auch \u00fcber die 1300m und im grossen Feld von 28 Teilnehmerinnen starteten Lynn Helfenstein (3. Rang), Tamara Hirschi (5. Rang) und Nina Geisseler (18. Rang). Sie zeigten einmal mehr sehr starke Leistungen und d\u00fcrfen sich \u00fcber ihre verdienten Platzierungen freuen! In der Kategorie U14 m\u00e4nnlich lief Silvan Arnet (Rang 7), bevor die U14 M\u00e4dchen mit Tanja Bammert (Rang 16), Nadine Zurbriggen (Rang 17) und Deborah Helfenstein auf Rang 22 ihr Bestes geben konnten. Herzliche Gratulation zu euren Leistungen! Tina Loosli und Luana Limacher hatten eine knapp 2km lange Laufstrecke zu absolvieren. Mit einer guten Schlusszeit durfte sich Tina \u00fcber Rang 5 freuen. Luana belegte nur knapp hinter ihr den Rang 7. In der Kategorie U16 m\u00e4nnlich lief Max Krauer auf den 9. Schlussrang. Super!<\/p>\n<p>Raphi Wolfisberg verliess dann schliesslich das St\u00e4dtchen Sursee und rannte einmal um den Sempachersee. In 1:33 h war er zur\u00fcck im Ziel und platzierte sich in seiner Kategorie auf dem starken 14. Rang.  Auch Karin Peter war am Start. Beim Erlebnislauf der Frauen F20 klassierte sie sich als 4. aller Teilnehmerinnen und erreichte in ihrer Kategorie sogar den super 3. Rang!<\/p>\n<p>Nebst dem tollen Einsatz der L\u00e4uferriegler war die grossartige Unterst\u00fctzung am Strassenrand sicherlich ein Ansporn, gute Leistungen zu zeigen. Es war einzigartig, Danke liebe Fans!<\/p>\n","protected":false},"excerpt":{"rendered":"<p>Bei tollem Wetter und guter Stimmung in Sursee und rund um den Sempachersee, war der Grundstein f\u00fcr einen attraktiven Wettkampftag gelegt. Die L\u00e4uferriege Neuenkirch konnte &hellip;<\/p>\n","protected":false},"author":1,"featured_media":0,"comment_status":"closed","ping_status":"closed","sticky":false,"template":"","format":"standard","meta":{"_themeisle_gutenberg_block_has_review":false,"footnotes":""},"categories":[9],"tags":[],"class_list":["post-3183","post","type-post","status-publish","format-standard","hentry","category-news"],"_links":{"self":[{"href":"https:\/\/www.laeuferriege-neuenkirch.ch\/index.php?rest_route=\/wp\/v2\/posts\/3183","targetHints":{"allow":["GET"]}}],"collection":[{"href":"https:\/\/www.laeuferriege-neuenkirch.ch\/index.php?rest_route=\/wp\/v2\/posts"}],"about":[{"href":"https:\/\/www.laeuferriege-neuenkirch.ch\/index.php?rest_route=\/wp\/v2\/types\/post"}],"author":[{"embeddable":true,"href":"https:\/\/www.laeuferriege-neuenkirch.ch\/index.php?rest_route=\/wp\/v2\/users\/1"}],"replies":[{"embeddable":true,"href":"https:\/\/www.laeuferriege-neuenkirch.ch\/index.php?rest_route=%2Fwp%2Fv2%2Fcomments&post=3183"}],"version-history":[{"count":3,"href":"https:\/\/www.laeuferriege-neuenkirch.ch\/index.php?rest_route=\/wp\/v2\/posts\/3183\/revisions"}],"predecessor-version":[{"id":3185,"href":"https:\/\/www.laeuferriege-neuenkirch.ch\/index.php?rest_route=\/wp\/v2\/posts\/3183\/revisions\/3185"}],"wp:attachment":[{"href":"https:\/\/www.laeuferriege-neuenkirch.ch\/index.php?rest_route=%2Fwp%2Fv2%2Fmedia&parent=3183"}],"wp:term":[{"taxonomy":"category","embeddable":true,"href":"https:\/\/www.laeuferriege-neuenkirch.ch\/index.php?rest_route=%2Fwp%2Fv2%2Fcategories&post=3183"},{"taxonomy":"post_tag","embeddable":true,"href":"https:\/\/www.laeuferriege-neuenkirch.ch\/index.php?rest_route=%2Fwp%2Fv2%2Ftags&post=3183"}],"curies":[{"name":"wp","href":"https:\/\/api.w.org\/{rel}","templated":true}]}}