{"id":2867,"date":"2011-04-16T20:00:11","date_gmt":"2011-04-16T19:00:11","guid":{"rendered":"http:\/\/www.laeuferriege-neuenkirch.ch\/?p=2867"},"modified":"2011-04-21T07:14:24","modified_gmt":"2011-04-21T06:14:24","slug":"die-lauferriege-neuenkirch-am-rootseelauf","status":"publish","type":"post","link":"https:\/\/www.laeuferriege-neuenkirch.ch\/?p=2867","title":{"rendered":"Die L\u00e4uferriege Neuenkirch am Rotseelauf"},"content":{"rendered":"<p><strong>Mit vielen Teilnehmern reiste die LR Neuenkirch vergangenes Wochenende nach Ebikon. Spannende Zweik\u00e4mpfe und strahlende Sieger pr\u00e4gten den 42. Rotseelauf.<\/strong><\/p>\n<p><!--more--><a href=\"https:\/\/www.laeuferriege-neuenkirch.ch\/wp-content\/uploads\/2011\/04\/20110416_124427_3.jpg\" rel=\"lightbox[2867]\"><img loading=\"lazy\" decoding=\"async\" class=\"size-medium wp-image-2873 alignright\" title=\"20110416_124427_3\" src=\"https:\/\/www.laeuferriege-neuenkirch.ch\/wp-content\/uploads\/2011\/04\/20110416_124427_3-300x199.jpg\" alt=\"\" width=\"300\" height=\"199\" srcset=\"https:\/\/www.laeuferriege-neuenkirch.ch\/wp-content\/uploads\/2011\/04\/20110416_124427_3-300x199.jpg 300w, https:\/\/www.laeuferriege-neuenkirch.ch\/wp-content\/uploads\/2011\/04\/20110416_124427_3-75x49.jpg 75w, https:\/\/www.laeuferriege-neuenkirch.ch\/wp-content\/uploads\/2011\/04\/20110416_124427_3.jpg 800w\" sizes=\"auto, (max-width: 300px) 100vw, 300px\" \/><\/a>Die Kategorien m\u00e4nnlich U10 und weiblich U10 er\u00f6ffneten den Wettkampftag. Zusammen wurden sie auf die 1\u2019200m lange Strecke geschickt. Mit Sandro Pellizzoni und Jonas Bucher, Sara Brun, Kim Wiederkehr und Kaya Hirschi war die LR gut vertreten. Die f\u00fcnf lieferten ein tolles Rennen. Sandro hatte eine super Tagesform und spurtete mit dem Zweitplatzierten um die Wette. Am Schluss reichte es nicht ganz und er durfte mit dem 3. Platz sehr zufrieden sein. Auch Jonas meisterte das Rennen tapfer: weder \u00dcbelkeit noch seine starken Gegner beeindruckten ihn und konnte sich \u00fcber seinen 4. Platz freuen. Sara, Kim und Kaya lagen alle drei sehr nah zusammen und kamen fast geschlossen als 12., 13. und 15. ins Ziel. Super gemacht, vor allem wenn man bedenkt, dass alle drei 2 Jahre j\u00fcnger waren als die Konkurrenz.<\/p>\n<p><a href=\"https:\/\/www.laeuferriege-neuenkirch.ch\/wp-content\/uploads\/2011\/04\/20110416_153817_60.jpg\" rel=\"lightbox[2867]\"><img loading=\"lazy\" decoding=\"async\" class=\"alignleft size-medium wp-image-2930\" title=\"20110416_153817_60\" src=\"https:\/\/www.laeuferriege-neuenkirch.ch\/wp-content\/uploads\/2011\/04\/20110416_153817_60-300x199.jpg\" alt=\"\" width=\"300\" height=\"199\" srcset=\"https:\/\/www.laeuferriege-neuenkirch.ch\/wp-content\/uploads\/2011\/04\/20110416_153817_60-300x199.jpg 300w, https:\/\/www.laeuferriege-neuenkirch.ch\/wp-content\/uploads\/2011\/04\/20110416_153817_60-75x49.jpg 75w, https:\/\/www.laeuferriege-neuenkirch.ch\/wp-content\/uploads\/2011\/04\/20110416_153817_60.jpg 800w\" sizes=\"auto, (max-width: 300px) 100vw, 300px\" \/><\/a>Um 12.50 Uhr galt es wieder ernst. Die Kategorien MU12 und WU12 waren bereit, die 1.2 km abzuspurten. Sven Brun, Till Etterlin, Nicola Krummenacher und Raphael Helfenstein Lynn Helfenstein und Tamara Hirschi waren am Start. Sven war der Erste der LR, der die Ziellinie passierte. Es reichte f\u00fcr den tollen 4. Rang. Auch Till, Nicola und Raphael zeigten ein starkes Rennen und durften sich \u00fcber Platz 7, 13 und 16 freuen. Auch Lynn liess nicht lange auf sich warten. Mit einem grandiosen Endspurt \u00fcberholte sie zwei Konkurrentinnen auf der Zielgerade und am Schluss gewann sie das Duell mit der Vordersten knapp. Sie durfte sich \u00fcber den verdienten 1. Rang freuen. Auch Tamara zeigte vielen nur die Turnschuhsohlen und durfte sich mit Rang 6 zufrieden geben.<\/p>\n<p>Nadine Zurbriggen, Deborah Helfenstein (beide WU14), Tina Loosli (WU16) und Dominik Meier(Mu16) starteten nun schon \u00fcber 2.2 Kilometer. In ihrer Kategorie belegte Nadine Rang 18 und Deborah Rang 20. Herzliche Gratulation. Tina durfte sich \u00fcber den 11. und Dominik \u00fcber den 24. Schlussrang freuen. Super gemacht!<\/p>\n<p>Nun war es an der Zeit, dass auch die alten und erfahrenen Hasen der L\u00e4uferriege sich an den Start stellten. Raphi Wolfisberg, Michi W\u00fcest, Christian Schnyder (alle M20) und Karin Peter (W20) waren da, um ihr Bestes zu geben. Sie absolvierten die 10km und legten starke Leistungen vor. Raphi gelang mit dem 21. Schlussrang ein tolles Rennen. Michi und Christian k\u00e4mpften um Hundertstelsekunden und Michi gewann das Duell schliesslich. Mit Rang 41 bzw. 43 haben auch sie eine solide Leistung gezeigt. Super! Karin war bei den W20 am Start. Einmal mehr \u00fcberzeugte die starke 800m-L\u00e4uferin auch \u00fcber die lange Distanz und erreichte als 12. Ihrer Kategorie das Ziel! Herzliche Gratulation.<\/p>\n<p>Es war ein gelungener Wettkampf aus neuenkircher Sicht. Wir freuen uns auf den n\u00e4chsten Einsatz am 21. Mai beim Sempacherseelauf. Bis dann!<\/p>\n<p><a title=\"16.04.2011 \u2013 Rotseelauf Ebikon\" href=\"https:\/\/www.laeuferriege-neuenkirch.ch\/?p=2870\">Hier geht&#8217;s zu den Fotos!<\/a><\/p>\n","protected":false},"excerpt":{"rendered":"<p>Mit vielen Teilnehmern reiste die LR Neuenkirch vergangenes Wochenende nach Ebikon. Spannende Zweik\u00e4mpfe und strahlende Sieger pr\u00e4gten den 42. Rotseelauf.<\/p>\n","protected":false},"author":1,"featured_media":0,"comment_status":"closed","ping_status":"closed","sticky":false,"template":"","format":"standard","meta":{"_themeisle_gutenberg_block_has_review":false,"footnotes":""},"categories":[9],"tags":[],"class_list":["post-2867","post","type-post","status-publish","format-standard","hentry","category-news"],"_links":{"self":[{"href":"https:\/\/www.laeuferriege-neuenkirch.ch\/index.php?rest_route=\/wp\/v2\/posts\/2867","targetHints":{"allow":["GET"]}}],"collection":[{"href":"https:\/\/www.laeuferriege-neuenkirch.ch\/index.php?rest_route=\/wp\/v2\/posts"}],"about":[{"href":"https:\/\/www.laeuferriege-neuenkirch.ch\/index.php?rest_route=\/wp\/v2\/types\/post"}],"author":[{"embeddable":true,"href":"https:\/\/www.laeuferriege-neuenkirch.ch\/index.php?rest_route=\/wp\/v2\/users\/1"}],"replies":[{"embeddable":true,"href":"https:\/\/www.laeuferriege-neuenkirch.ch\/index.php?rest_route=%2Fwp%2Fv2%2Fcomments&post=2867"}],"version-history":[{"count":9,"href":"https:\/\/www.laeuferriege-neuenkirch.ch\/index.php?rest_route=\/wp\/v2\/posts\/2867\/revisions"}],"predecessor-version":[{"id":2942,"href":"https:\/\/www.laeuferriege-neuenkirch.ch\/index.php?rest_route=\/wp\/v2\/posts\/2867\/revisions\/2942"}],"wp:attachment":[{"href":"https:\/\/www.laeuferriege-neuenkirch.ch\/index.php?rest_route=%2Fwp%2Fv2%2Fmedia&parent=2867"}],"wp:term":[{"taxonomy":"category","embeddable":true,"href":"https:\/\/www.laeuferriege-neuenkirch.ch\/index.php?rest_route=%2Fwp%2Fv2%2Fcategories&post=2867"},{"taxonomy":"post_tag","embeddable":true,"href":"https:\/\/www.laeuferriege-neuenkirch.ch\/index.php?rest_route=%2Fwp%2Fv2%2Ftags&post=2867"}],"curies":[{"name":"wp","href":"https:\/\/api.w.org\/{rel}","templated":true}]}}