{"id":2742,"date":"2011-04-09T20:00:28","date_gmt":"2011-04-09T19:00:28","guid":{"rendered":"http:\/\/www.laeuferriege-neuenkirch.ch\/?p=2742"},"modified":"2011-04-20T07:12:18","modified_gmt":"2011-04-20T06:12:18","slug":"quer-durch-zug-mit-der-lg-luzern-nord","status":"publish","type":"post","link":"https:\/\/www.laeuferriege-neuenkirch.ch\/?p=2742","title":{"rendered":"Quer durch Zug mit der LG Luzern Nord"},"content":{"rendered":"<p><strong>Auch dieses Wochenende k\u00e4mpften die L\u00e4uferriegler wieder um jede Sekunde. Das Quer durch Zug stand vor der T\u00fcre und somit gleichzeitig der erste Einsatz mit der LG Luzern Nord.<\/strong><\/p>\n<p><!--more--><a href=\"https:\/\/www.laeuferriege-neuenkirch.ch\/wp-content\/uploads\/2011\/04\/20110409_151136_3.jpg\" rel=\"lightbox[2742]\"><img loading=\"lazy\" decoding=\"async\" class=\"size-medium wp-image-2749 alignleft\" title=\"20110409_151136_3\" src=\"https:\/\/www.laeuferriege-neuenkirch.ch\/wp-content\/uploads\/2011\/04\/20110409_151136_3-200x300.jpg\" alt=\"\" width=\"200\" height=\"300\" srcset=\"https:\/\/www.laeuferriege-neuenkirch.ch\/wp-content\/uploads\/2011\/04\/20110409_151136_3-200x300.jpg 200w, https:\/\/www.laeuferriege-neuenkirch.ch\/wp-content\/uploads\/2011\/04\/20110409_151136_3-50x75.jpg 50w, https:\/\/www.laeuferriege-neuenkirch.ch\/wp-content\/uploads\/2011\/04\/20110409_151136_3.jpg 400w\" sizes=\"auto, (max-width: 200px) 100vw, 200px\" \/><\/a>Die f\u00fcnfer und sechser Teams mussten eine Rundstrecke zwischen 890m und 2260m in der Altstadt von Zug zur\u00fccklegen. Jeder L\u00e4ufer startete \u00fcber eine Distanz zwischen 210 und 720 m. Dabei wurde von L\u00e4ufer zu L\u00e4ufer ein Stab weitergegeben.<\/p>\n<p>Aus neuenkircher Sicht er\u00f6ffnete Tina Loosli die Strassensaison.  Als 4. von insgesamt 5 L\u00e4uferinnen wurde sie auf die Strecke geschickt. Das Team mit Tina zeigte ein starkes Rennen und konnte sich mit einer Leistung von 2.15 min \u00fcber 890m zufrieden zeigen.<\/p>\n<p>Auch Max und sein Team hatten die 890 Meter zu bew\u00e4ltigen. Nach dem Startschuss folgten spannende Momente und schon nach 2.06 min. war das Rennen vorbei. Rang 6 von insgesamt 14 Klassierten war das tolle Endresultat f\u00fcr Max und sein Team.<\/p>\n<p>Die n\u00e4chste war Tamara Hirschi, die in der Kategorie \u201ezwei K\u00e4se hoch\u201c startete. Tamara und ihr Team, zusammengesetzt aus L\u00e4uferInnen aus dem TSV Rothenburg und dem LC Emmenstrand mussten ebenfalls 890m zur\u00fccklegen. Sie konnten and die starken Leistungen ihrer Veriensgsp\u00e4ndli ankn\u00fcpfen und klassierten sich als 24. Von insgesamt 57 Teams.<\/p>\n<p>Karin Peter und Sabine W\u00fcest starteten in der Hauptkategorie der Frauen. Sabine mit Jahrgang 95 war 2 Jahre j\u00fcnger als alle anderen L\u00e4uferinnen im Feld. Sie liess sich aber nicht vom Alterunterschied beirren und lief ein tolles Rennen. Karin, Sabine und ihr Team legten die 1\u2019140m in 2.55.97 min zur\u00fcck. Eine tolle Zeit f\u00fcr ein super Team!<\/p>\n<p>Kevin Erni und seine Teamkollegen hatten in der Hauptklasse \u201eSprinter\u201c den Titel \u00fcber die 2\u2019260m zu verteidigen. Das Team, bestehend aus L\u00e4ufer mit Jahrgang 1989 bis 1994 hatte die Favoritenrolle inne. Sie lieferten spannende Duelle und k\u00e4mpften bis zum Schluss um jeden Zentimeter. Mit nur 30 Hundertstel R\u00fcckstand auf die 2. Platzierten durften sie sich am Schluss \u00fcber den 3. Rang freuen.<\/p>\n<p>Es war ein toller Auftakt in die Sommersaison. Wir hoffen, dass die Resultate und die Laufbedingungen weiterhin auf diesem hohen Niveau bleiben. HOPP N\u00d6IECH\u00d6UCH!<\/p>\n<p><a title=\"09.04.2011 \u2013 Quer durch Zug\" href=\"https:\/\/www.laeuferriege-neuenkirch.ch\/?p=2746\">Hier geht&#8217;s zu den Fotos!<\/a><\/p>\n","protected":false},"excerpt":{"rendered":"<p>Auch dieses Wochenende k\u00e4mpften die L\u00e4uferriegler wieder um jede Sekunde. Das Quer durch Zug stand vor der T\u00fcre und somit gleichzeitig der erste Einsatz mit &hellip;<\/p>\n","protected":false},"author":1,"featured_media":0,"comment_status":"closed","ping_status":"closed","sticky":false,"template":"","format":"standard","meta":{"_themeisle_gutenberg_block_has_review":false,"footnotes":""},"categories":[9],"tags":[],"class_list":["post-2742","post","type-post","status-publish","format-standard","hentry","category-news"],"_links":{"self":[{"href":"https:\/\/www.laeuferriege-neuenkirch.ch\/index.php?rest_route=\/wp\/v2\/posts\/2742","targetHints":{"allow":["GET"]}}],"collection":[{"href":"https:\/\/www.laeuferriege-neuenkirch.ch\/index.php?rest_route=\/wp\/v2\/posts"}],"about":[{"href":"https:\/\/www.laeuferriege-neuenkirch.ch\/index.php?rest_route=\/wp\/v2\/types\/post"}],"author":[{"embeddable":true,"href":"https:\/\/www.laeuferriege-neuenkirch.ch\/index.php?rest_route=\/wp\/v2\/users\/1"}],"replies":[{"embeddable":true,"href":"https:\/\/www.laeuferriege-neuenkirch.ch\/index.php?rest_route=%2Fwp%2Fv2%2Fcomments&post=2742"}],"version-history":[{"count":9,"href":"https:\/\/www.laeuferriege-neuenkirch.ch\/index.php?rest_route=\/wp\/v2\/posts\/2742\/revisions"}],"predecessor-version":[{"id":2864,"href":"https:\/\/www.laeuferriege-neuenkirch.ch\/index.php?rest_route=\/wp\/v2\/posts\/2742\/revisions\/2864"}],"wp:attachment":[{"href":"https:\/\/www.laeuferriege-neuenkirch.ch\/index.php?rest_route=%2Fwp%2Fv2%2Fmedia&parent=2742"}],"wp:term":[{"taxonomy":"category","embeddable":true,"href":"https:\/\/www.laeuferriege-neuenkirch.ch\/index.php?rest_route=%2Fwp%2Fv2%2Fcategories&post=2742"},{"taxonomy":"post_tag","embeddable":true,"href":"https:\/\/www.laeuferriege-neuenkirch.ch\/index.php?rest_route=%2Fwp%2Fv2%2Ftags&post=2742"}],"curies":[{"name":"wp","href":"https:\/\/api.w.org\/{rel}","templated":true}]}}