{"id":14336,"date":"2026-07-20T10:41:27","date_gmt":"2026-07-20T09:41:27","guid":{"rendered":"https:\/\/www.laeuferriege-neuenkirch.ch\/?p=14336"},"modified":"2026-07-20T10:43:44","modified_gmt":"2026-07-20T09:43:44","slug":"erfolge-bei-den-go-in6weeks","status":"publish","type":"post","link":"https:\/\/www.laeuferriege-neuenkirch.ch\/?p=14336","title":{"rendered":"Erfolge bei den Go-IN6weeks"},"content":{"rendered":"\n<p class=\"wp-block-paragraph\">Die vergangenen Monate hielten f\u00fcr die L\u00e4uferriege Neuenkirch zwei grosse H\u00f6hepunkte bereit. Der Nachwuchs zeigte bei der regionalen Laufserie GO-IN6weeks grossartige Leistungen, w\u00e4hrend das traditionelle Trainingslager in Andermatt trotz winterlicher Verh\u00e4ltnisse den Teamgeist zusammenschweisste.<\/p>\n\n\n\n<!--more-->\n\n\n\n<p class=\"wp-block-paragraph\">Die Laufserie GO-IN6weeks f\u00fchrte die Teilnehmenden an sechs Mittwochen durch Buchrain, Knutwil-St. Erhard, Dagmersellen, Sempach, Eschenbach und Berom\u00fcnster. Die Nachwuchstalente starteten in den Kategorien U10 bis U16 \u00fcber Distanzen von 2 bis 3 Kilometern. Besonders in Dagmersellen und Berom\u00fcnster zeigte der Verein mit je 16 Kindern starke Pr\u00e4senz. Nach der gemeinsamen Hinfahrt wurden jeweils die Strecken besichtigt, das Warmup absolviert und beim Rennen alles gegeben. Grosse Freude herrschte danach stets \u00fcber die verdienten Hotdogs in der Festwirtschaft. Sportlich \u00fcberzeugte die L\u00e4uferriege auf ganzer Linie: Colin Kopp sicherte sich vier Tagessiege sowie zwei zweite Pl\u00e4tze und gewann damit die Gesamtwertung. Lenni Jaun lief dreimal auf den dritten Podestplatz. Alena Kopp, Alex Baumann und Yann Kumschick verpassten das Podest teilweise nur haarscharf. Neben den Einzelerfolgen gl\u00e4nzte das Team durch eine geschlossene Mannschaftsleistung: In Sempach und Eschenbach gewannen die Kinder die Wertung als \u201eTeam of the week\u201c f\u00fcr die am meisten zur\u00fcckgelegten Kilometer und holten am Ende verdient den Gesamtsieg als \u201eTeam of the 6Weeks\u201c.<\/p>\n","protected":false},"excerpt":{"rendered":"<p>Die vergangenen Monate hielten f\u00fcr die L\u00e4uferriege Neuenkirch zwei grosse H\u00f6hepunkte bereit. Der Nachwuchs zeigte bei der regionalen Laufserie GO-IN6weeks grossartige Leistungen, w\u00e4hrend das traditionelle &hellip;<\/p>\n","protected":false},"author":2,"featured_media":13799,"comment_status":"closed","ping_status":"closed","sticky":false,"template":"","format":"standard","meta":{"_themeisle_gutenberg_block_has_review":false,"footnotes":""},"categories":[9],"tags":[],"class_list":["post-14336","post","type-post","status-publish","format-standard","has-post-thumbnail","hentry","category-news"],"_links":{"self":[{"href":"https:\/\/www.laeuferriege-neuenkirch.ch\/index.php?rest_route=\/wp\/v2\/posts\/14336","targetHints":{"allow":["GET"]}}],"collection":[{"href":"https:\/\/www.laeuferriege-neuenkirch.ch\/index.php?rest_route=\/wp\/v2\/posts"}],"about":[{"href":"https:\/\/www.laeuferriege-neuenkirch.ch\/index.php?rest_route=\/wp\/v2\/types\/post"}],"author":[{"embeddable":true,"href":"https:\/\/www.laeuferriege-neuenkirch.ch\/index.php?rest_route=\/wp\/v2\/users\/2"}],"replies":[{"embeddable":true,"href":"https:\/\/www.laeuferriege-neuenkirch.ch\/index.php?rest_route=%2Fwp%2Fv2%2Fcomments&post=14336"}],"version-history":[{"count":1,"href":"https:\/\/www.laeuferriege-neuenkirch.ch\/index.php?rest_route=\/wp\/v2\/posts\/14336\/revisions"}],"predecessor-version":[{"id":14337,"href":"https:\/\/www.laeuferriege-neuenkirch.ch\/index.php?rest_route=\/wp\/v2\/posts\/14336\/revisions\/14337"}],"wp:featuredmedia":[{"embeddable":true,"href":"https:\/\/www.laeuferriege-neuenkirch.ch\/index.php?rest_route=\/wp\/v2\/media\/13799"}],"wp:attachment":[{"href":"https:\/\/www.laeuferriege-neuenkirch.ch\/index.php?rest_route=%2Fwp%2Fv2%2Fmedia&parent=14336"}],"wp:term":[{"taxonomy":"category","embeddable":true,"href":"https:\/\/www.laeuferriege-neuenkirch.ch\/index.php?rest_route=%2Fwp%2Fv2%2Fcategories&post=14336"},{"taxonomy":"post_tag","embeddable":true,"href":"https:\/\/www.laeuferriege-neuenkirch.ch\/index.php?rest_route=%2Fwp%2Fv2%2Ftags&post=14336"}],"curies":[{"name":"wp","href":"https:\/\/api.w.org\/{rel}","templated":true}]}}