{"id":14221,"date":"2025-05-14T15:54:03","date_gmt":"2025-05-14T14:54:03","guid":{"rendered":"https:\/\/www.laeuferriege-neuenkirch.ch\/?p=14221"},"modified":"2025-05-14T15:54:03","modified_gmt":"2025-05-14T14:54:03","slug":"laeuferriege-neuenkirch-am-sempacherseelauf-2025","status":"publish","type":"post","link":"https:\/\/www.laeuferriege-neuenkirch.ch\/?p=14221","title":{"rendered":"L\u00e4uferriege Neuenkirch am Sempacherseelauf 2025"},"content":{"rendered":"\n<p>Bei sch\u00f6nstem Fr\u00fchlingswetter startete die L\u00e4uferriege am Samstag 10. Mai 2025 in Sursee am Sempacherseelauf. Neun L\u00e4uferinnen und L\u00e4ufer der L\u00e4uferriege haben sich f\u00fcr diesen regionalen Laufevent einiges vorgenommen.\u00a0<\/p>\n\n\n\n<!--more-->\n\n\n\n<p>So vertraten Colin Kopp und Kilian Wicki die Farben der Neuenkircher \u00fcber die Distanz von 1km bei den Knaben U10, w\u00e4hrend die Jahrg\u00e4nge der U12 M\u00e4dchen und Jungen mit Alena Kopp, Jana K\u00e4ch, Emely Heini, Ben Gr\u00fcter und Jules Stofer bereits 1,7 km zu meistern hatten. Sie alle zeigten einen beherzten Einsatz \u2013 Alena verpasste dabei das Podest nur gerade um Haaresbreite.<\/p>\n\n\n\n<p>Den \u2013 in diesem Jahr restlos ausverkaufte \u2013 5km- Wettkampf liessen sich auch unsere U16 bzw. U18 \u2013 M\u00e4dels, Nadia K\u00f6pfli und Lina Hurni, nicht entgehen. W\u00e4hrend Nadia dicht hinter der Spitzengruppe in die Top Ten lief, konnte Lina bis auf eine Konkurrentin alle L\u00e4uferinnen hinter sich lassen und sich im Ziel \u00fcber die Silbermedaille freuen.<\/p>\n\n\n\n<figure class=\"wp-block-image size-large\"><img loading=\"lazy\" decoding=\"async\" width=\"771\" height=\"1024\" src=\"https:\/\/www.laeuferriege-neuenkirch.ch\/wp-content\/uploads\/2025\/05\/Sempacherseelauf-2-771x1024.jpg\" alt=\"\" class=\"wp-image-14223\" srcset=\"https:\/\/www.laeuferriege-neuenkirch.ch\/wp-content\/uploads\/2025\/05\/Sempacherseelauf-2-771x1024.jpg 771w, https:\/\/www.laeuferriege-neuenkirch.ch\/wp-content\/uploads\/2025\/05\/Sempacherseelauf-2-226x300.jpg 226w, https:\/\/www.laeuferriege-neuenkirch.ch\/wp-content\/uploads\/2025\/05\/Sempacherseelauf-2-56x75.jpg 56w, https:\/\/www.laeuferriege-neuenkirch.ch\/wp-content\/uploads\/2025\/05\/Sempacherseelauf-2-768x1020.jpg 768w, https:\/\/www.laeuferriege-neuenkirch.ch\/wp-content\/uploads\/2025\/05\/Sempacherseelauf-2-1157x1536.jpg 1157w, https:\/\/www.laeuferriege-neuenkirch.ch\/wp-content\/uploads\/2025\/05\/Sempacherseelauf-2.jpg 1506w\" sizes=\"auto, (max-width: 771px) 100vw, 771px\" \/><\/figure>\n\n\n\n<figure class=\"wp-block-image size-large\"><img loading=\"lazy\" decoding=\"async\" width=\"771\" height=\"1024\" src=\"https:\/\/www.laeuferriege-neuenkirch.ch\/wp-content\/uploads\/2025\/05\/Sempacherseelauf-1-771x1024.jpg\" alt=\"\" class=\"wp-image-14222\" srcset=\"https:\/\/www.laeuferriege-neuenkirch.ch\/wp-content\/uploads\/2025\/05\/Sempacherseelauf-1-771x1024.jpg 771w, https:\/\/www.laeuferriege-neuenkirch.ch\/wp-content\/uploads\/2025\/05\/Sempacherseelauf-1-226x300.jpg 226w, https:\/\/www.laeuferriege-neuenkirch.ch\/wp-content\/uploads\/2025\/05\/Sempacherseelauf-1-56x75.jpg 56w, https:\/\/www.laeuferriege-neuenkirch.ch\/wp-content\/uploads\/2025\/05\/Sempacherseelauf-1-768x1020.jpg 768w, https:\/\/www.laeuferriege-neuenkirch.ch\/wp-content\/uploads\/2025\/05\/Sempacherseelauf-1-1157x1536.jpg 1157w, https:\/\/www.laeuferriege-neuenkirch.ch\/wp-content\/uploads\/2025\/05\/Sempacherseelauf-1.jpg 1506w\" sizes=\"auto, (max-width: 771px) 100vw, 771px\" \/><\/figure>\n","protected":false},"excerpt":{"rendered":"<p>Bei sch\u00f6nstem Fr\u00fchlingswetter startete die L\u00e4uferriege am Samstag 10. Mai 2025 in Sursee am Sempacherseelauf. Neun L\u00e4uferinnen und L\u00e4ufer der L\u00e4uferriege haben sich f\u00fcr diesen &hellip;<\/p>\n","protected":false},"author":2,"featured_media":14222,"comment_status":"closed","ping_status":"closed","sticky":false,"template":"","format":"standard","meta":{"_themeisle_gutenberg_block_has_review":false,"footnotes":""},"categories":[9],"tags":[],"class_list":["post-14221","post","type-post","status-publish","format-standard","has-post-thumbnail","hentry","category-news"],"_links":{"self":[{"href":"https:\/\/www.laeuferriege-neuenkirch.ch\/index.php?rest_route=\/wp\/v2\/posts\/14221","targetHints":{"allow":["GET"]}}],"collection":[{"href":"https:\/\/www.laeuferriege-neuenkirch.ch\/index.php?rest_route=\/wp\/v2\/posts"}],"about":[{"href":"https:\/\/www.laeuferriege-neuenkirch.ch\/index.php?rest_route=\/wp\/v2\/types\/post"}],"author":[{"embeddable":true,"href":"https:\/\/www.laeuferriege-neuenkirch.ch\/index.php?rest_route=\/wp\/v2\/users\/2"}],"replies":[{"embeddable":true,"href":"https:\/\/www.laeuferriege-neuenkirch.ch\/index.php?rest_route=%2Fwp%2Fv2%2Fcomments&post=14221"}],"version-history":[{"count":2,"href":"https:\/\/www.laeuferriege-neuenkirch.ch\/index.php?rest_route=\/wp\/v2\/posts\/14221\/revisions"}],"predecessor-version":[{"id":14225,"href":"https:\/\/www.laeuferriege-neuenkirch.ch\/index.php?rest_route=\/wp\/v2\/posts\/14221\/revisions\/14225"}],"wp:featuredmedia":[{"embeddable":true,"href":"https:\/\/www.laeuferriege-neuenkirch.ch\/index.php?rest_route=\/wp\/v2\/media\/14222"}],"wp:attachment":[{"href":"https:\/\/www.laeuferriege-neuenkirch.ch\/index.php?rest_route=%2Fwp%2Fv2%2Fmedia&parent=14221"}],"wp:term":[{"taxonomy":"category","embeddable":true,"href":"https:\/\/www.laeuferriege-neuenkirch.ch\/index.php?rest_route=%2Fwp%2Fv2%2Fcategories&post=14221"},{"taxonomy":"post_tag","embeddable":true,"href":"https:\/\/www.laeuferriege-neuenkirch.ch\/index.php?rest_route=%2Fwp%2Fv2%2Ftags&post=14221"}],"curies":[{"name":"wp","href":"https:\/\/api.w.org\/{rel}","templated":true}]}}