{"id":13962,"date":"2023-07-31T10:16:27","date_gmt":"2023-07-31T09:16:27","guid":{"rendered":"https:\/\/www.laeuferriege-neuenkirch.ch\/?p=13962"},"modified":"2023-07-31T10:16:27","modified_gmt":"2023-07-31T09:16:27","slug":"hellebardenlauf-2023","status":"publish","type":"post","link":"https:\/\/www.laeuferriege-neuenkirch.ch\/?p=13962","title":{"rendered":"Hellebardenlauf 2023"},"content":{"rendered":"\n<p>Traditionsgem\u00e4ss findet kurz vor den Sommerferien der Hellebardenlauf im historischen St\u00e4dtli Sempach statt \u2013 dieses Jahr bereits zum 40. Mal.<\/p>\n\n\n\n<p>Ehrensache, dass die L\u00e4uferinnen und L\u00e4ufer aus der Nachbargemeinde Neuenkirch auch am Start waren.<\/p>\n\n\n\n<!--more-->\n\n\n\n<p>Peter Schmid (59.), Emely Heini (20.), Eline Kumschick (25.) und Jana K\u00e4ch (25.) er\u00f6ffneten den Wettkampf f\u00fcr die Neuenkircher \u00fcber die Distanz von 600 m. Kurz darauf hiess es f\u00fcr die bereits routinierten U14 und U16 Athleten und Athletinnen \u2018Achtung, fertig, los!\u2019. Auf einem Rundkurs von 1,1 km verpassten bei den U16 mit einem 4. (Lina) und 5. (Samuel) Platz die Neuenkircher nur ganz knapp die Ehrenpl\u00e4tze. Auch Nadia K\u00f6pfli (13.) bei den U14 hatte die Spitzengruppe stets in Sichtweite.<\/p>\n\n\n\n<p>P\u00fcnktlich um 17 Uhr wurde sowohl der Hauptlauf als auch die L\u00e4uferinnen und L\u00e4ufer des Hellebardino auf die 5,8 km lange Strecke geschickt. Die L\u00e4uferriegeler k\u00e4mpften hier nicht nur einzel sondern waren sogleich auch als Team unterwegs. Ein Gruppenwettkampf in dieser Form liefert stets eine zus\u00e4tzliche Motivationsspritze. Sowohl die jungen Wilden als auch die erfahrenen Athletinnen und Athleten wussten zu \u00fcberzeugen:&nbsp; Rang 7. f\u00fcr Lina, Rang 16. f\u00fcr Yann und Rang 21. f\u00fcr Lenni bei den U18 sowie ein 5. Rang f\u00fcr Barbara Schnyder und Rang 16 f\u00fcr Nicole Kumschick bei den Frauen. Ein 5. Platz in der Teamwertung rundete ein erfolgreicher Jubli\u00e4umslauf ab.<\/p>\n\n\n\n<figure class=\"wp-block-gallery has-nested-images columns-default is-cropped wp-block-gallery-1 is-layout-flex wp-block-gallery-is-layout-flex\">\n<figure class=\"wp-block-image size-large\"><img loading=\"lazy\" decoding=\"async\" width=\"768\" height=\"1024\" data-id=\"13965\" src=\"https:\/\/www.laeuferriege-neuenkirch.ch\/wp-content\/uploads\/2023\/07\/WhatsApp-Image-2023-07-31-at-11.14.17-768x1024.jpeg\" alt=\"\" class=\"wp-image-13965\" srcset=\"https:\/\/www.laeuferriege-neuenkirch.ch\/wp-content\/uploads\/2023\/07\/WhatsApp-Image-2023-07-31-at-11.14.17-768x1024.jpeg 768w, https:\/\/www.laeuferriege-neuenkirch.ch\/wp-content\/uploads\/2023\/07\/WhatsApp-Image-2023-07-31-at-11.14.17-225x300.jpeg 225w, https:\/\/www.laeuferriege-neuenkirch.ch\/wp-content\/uploads\/2023\/07\/WhatsApp-Image-2023-07-31-at-11.14.17-56x75.jpeg 56w, https:\/\/www.laeuferriege-neuenkirch.ch\/wp-content\/uploads\/2023\/07\/WhatsApp-Image-2023-07-31-at-11.14.17-1152x1536.jpeg 1152w, https:\/\/www.laeuferriege-neuenkirch.ch\/wp-content\/uploads\/2023\/07\/WhatsApp-Image-2023-07-31-at-11.14.17.jpeg 1500w\" sizes=\"auto, (max-width: 768px) 100vw, 768px\" \/><\/figure>\n\n\n\n<figure class=\"wp-block-image size-large\"><img loading=\"lazy\" decoding=\"async\" width=\"768\" height=\"1024\" data-id=\"13964\" src=\"https:\/\/www.laeuferriege-neuenkirch.ch\/wp-content\/uploads\/2023\/07\/WhatsApp-Image-2023-07-31-at-11.14.31-768x1024.jpeg\" alt=\"\" class=\"wp-image-13964\" srcset=\"https:\/\/www.laeuferriege-neuenkirch.ch\/wp-content\/uploads\/2023\/07\/WhatsApp-Image-2023-07-31-at-11.14.31-768x1024.jpeg 768w, https:\/\/www.laeuferriege-neuenkirch.ch\/wp-content\/uploads\/2023\/07\/WhatsApp-Image-2023-07-31-at-11.14.31-225x300.jpeg 225w, https:\/\/www.laeuferriege-neuenkirch.ch\/wp-content\/uploads\/2023\/07\/WhatsApp-Image-2023-07-31-at-11.14.31-56x75.jpeg 56w, https:\/\/www.laeuferriege-neuenkirch.ch\/wp-content\/uploads\/2023\/07\/WhatsApp-Image-2023-07-31-at-11.14.31-1152x1536.jpeg 1152w, https:\/\/www.laeuferriege-neuenkirch.ch\/wp-content\/uploads\/2023\/07\/WhatsApp-Image-2023-07-31-at-11.14.31.jpeg 1500w\" sizes=\"auto, (max-width: 768px) 100vw, 768px\" \/><\/figure>\n\n\n\n<figure class=\"wp-block-image size-large\"><img loading=\"lazy\" decoding=\"async\" width=\"768\" height=\"1024\" data-id=\"13967\" src=\"https:\/\/www.laeuferriege-neuenkirch.ch\/wp-content\/uploads\/2023\/07\/WhatsApp-Image-2023-07-31-at-11.14.48-768x1024.jpeg\" alt=\"\" class=\"wp-image-13967\" srcset=\"https:\/\/www.laeuferriege-neuenkirch.ch\/wp-content\/uploads\/2023\/07\/WhatsApp-Image-2023-07-31-at-11.14.48-768x1024.jpeg 768w, https:\/\/www.laeuferriege-neuenkirch.ch\/wp-content\/uploads\/2023\/07\/WhatsApp-Image-2023-07-31-at-11.14.48-225x300.jpeg 225w, https:\/\/www.laeuferriege-neuenkirch.ch\/wp-content\/uploads\/2023\/07\/WhatsApp-Image-2023-07-31-at-11.14.48-56x75.jpeg 56w, https:\/\/www.laeuferriege-neuenkirch.ch\/wp-content\/uploads\/2023\/07\/WhatsApp-Image-2023-07-31-at-11.14.48-1152x1536.jpeg 1152w, https:\/\/www.laeuferriege-neuenkirch.ch\/wp-content\/uploads\/2023\/07\/WhatsApp-Image-2023-07-31-at-11.14.48.jpeg 1500w\" sizes=\"auto, (max-width: 768px) 100vw, 768px\" \/><\/figure>\n<\/figure>\n","protected":false},"excerpt":{"rendered":"<p>Traditionsgem\u00e4ss findet kurz vor den Sommerferien der Hellebardenlauf im historischen St\u00e4dtli Sempach statt \u2013 dieses Jahr bereits zum 40. Mal. Ehrensache, dass die L\u00e4uferinnen und &hellip;<\/p>\n","protected":false},"author":2,"featured_media":13966,"comment_status":"closed","ping_status":"closed","sticky":false,"template":"","format":"standard","meta":{"_themeisle_gutenberg_block_has_review":false,"footnotes":""},"categories":[9],"tags":[],"class_list":["post-13962","post","type-post","status-publish","format-standard","has-post-thumbnail","hentry","category-news"],"_links":{"self":[{"href":"https:\/\/www.laeuferriege-neuenkirch.ch\/index.php?rest_route=\/wp\/v2\/posts\/13962","targetHints":{"allow":["GET"]}}],"collection":[{"href":"https:\/\/www.laeuferriege-neuenkirch.ch\/index.php?rest_route=\/wp\/v2\/posts"}],"about":[{"href":"https:\/\/www.laeuferriege-neuenkirch.ch\/index.php?rest_route=\/wp\/v2\/types\/post"}],"author":[{"embeddable":true,"href":"https:\/\/www.laeuferriege-neuenkirch.ch\/index.php?rest_route=\/wp\/v2\/users\/2"}],"replies":[{"embeddable":true,"href":"https:\/\/www.laeuferriege-neuenkirch.ch\/index.php?rest_route=%2Fwp%2Fv2%2Fcomments&post=13962"}],"version-history":[{"count":2,"href":"https:\/\/www.laeuferriege-neuenkirch.ch\/index.php?rest_route=\/wp\/v2\/posts\/13962\/revisions"}],"predecessor-version":[{"id":13968,"href":"https:\/\/www.laeuferriege-neuenkirch.ch\/index.php?rest_route=\/wp\/v2\/posts\/13962\/revisions\/13968"}],"wp:featuredmedia":[{"embeddable":true,"href":"https:\/\/www.laeuferriege-neuenkirch.ch\/index.php?rest_route=\/wp\/v2\/media\/13966"}],"wp:attachment":[{"href":"https:\/\/www.laeuferriege-neuenkirch.ch\/index.php?rest_route=%2Fwp%2Fv2%2Fmedia&parent=13962"}],"wp:term":[{"taxonomy":"category","embeddable":true,"href":"https:\/\/www.laeuferriege-neuenkirch.ch\/index.php?rest_route=%2Fwp%2Fv2%2Fcategories&post=13962"},{"taxonomy":"post_tag","embeddable":true,"href":"https:\/\/www.laeuferriege-neuenkirch.ch\/index.php?rest_route=%2Fwp%2Fv2%2Ftags&post=13962"}],"curies":[{"name":"wp","href":"https:\/\/api.w.org\/{rel}","templated":true}]}}