{"id":12762,"date":"2018-05-23T20:00:08","date_gmt":"2018-05-23T19:00:08","guid":{"rendered":"http:\/\/www.laeuferriege-neuenkirch.ch\/?p=12762"},"modified":"2018-06-15T12:37:51","modified_gmt":"2018-06-15T11:37:51","slug":"rueckblick-laufserie-go-in-6-weeks","status":"publish","type":"post","link":"https:\/\/www.laeuferriege-neuenkirch.ch\/?p=12762","title":{"rendered":"R\u00fcckblick: Laufserie Go-In 6 Weeks"},"content":{"rendered":"<p><strong>Von Ende April bis Ende Mai war die L\u00e4uferriege Neuenkirch w\u00e4hrend 6 Woche wiederum Gast bei der Laufserie Go-In 6 Weeks. An 6 aufeinanderfolgenden Mittwochabenden wurden die Laufschuhe geschn\u00fcrt und in der Region \u2013 anstelle eines Trainings- ein Lauf absolviert.<\/strong><\/p>\n<p><!--more--><a href=\"https:\/\/www.laeuferriege-neuenkirch.ch\/wp-content\/uploads\/2018\/06\/IMG_20180523_174725_2.jpg\" rel=\"lightbox[12762]\"><img loading=\"lazy\" decoding=\"async\" class=\"alignleft size-medium wp-image-12746\" src=\"https:\/\/www.laeuferriege-neuenkirch.ch\/wp-content\/uploads\/2018\/06\/IMG_20180523_174725_2-300x225.jpg\" alt=\"\" width=\"300\" height=\"225\" srcset=\"https:\/\/www.laeuferriege-neuenkirch.ch\/wp-content\/uploads\/2018\/06\/IMG_20180523_174725_2-300x225.jpg 300w, https:\/\/www.laeuferriege-neuenkirch.ch\/wp-content\/uploads\/2018\/06\/IMG_20180523_174725_2-75x56.jpg 75w, https:\/\/www.laeuferriege-neuenkirch.ch\/wp-content\/uploads\/2018\/06\/IMG_20180523_174725_2-768x576.jpg 768w, https:\/\/www.laeuferriege-neuenkirch.ch\/wp-content\/uploads\/2018\/06\/IMG_20180523_174725_2.jpg 800w\" sizes=\"auto, (max-width: 300px) 100vw, 300px\" \/><\/a>Je mehr L\u00e4ufe auf dem Konto sind, desto gr\u00f6sser die Chance auf eine vordere Platzierung in der Gesamtrangliste. In der Endabrechnung reichte es den L\u00e4uferriegeler im rot-gelben Dress zu folgenden Ergebnissen:<\/p>\n<p><strong>U12 M\u00e4dchen: <\/strong>4. Rang: \u00a0Kim Hirschi; <strong>U12 Knaben:<\/strong> 12. Rang: Sven Brunner; <strong>U14 M\u00e4dchen: <\/strong>8. Rang: Jana B\u00fchlmann; <strong>U16 M\u00e4dchen:<\/strong> 3. Rang: Kaya Hirschi; <strong>F16:<\/strong>2. Rang: Lisa Sch\u00fcpbach, 4. Rang: Nadine Zurbriggen, 11. Rang: Jessica Lagler; <strong>F20:<\/strong> 8. Rang: Sinah Gr\u00fcter, 20. Rang: Tina Loosli; <strong>M16:<\/strong> 1. Rang: Joshua H\u00e4fliger.<\/p>\n<p>Ebenfalls auf das Konto der Neuenkircher ging die sogenannte \u201aSprintwertung\u2019: Lisa Sch\u00fcpbach lieferte sich die ganz Laufserie \u00fcber ein spannendes Kopf-an-Kopf-Rennen mit einer L\u00e4uferin der L\u00e4uferriege Gettnau. Diesen Konkurrenzkampf konnte Lisa unter lautstarker Unterst\u00fctzung ihrer Vereinskolleginnen und Kollegen beim letzten Rennen f\u00fcr sich entscheiden.<\/p>\n<p><a href=\"https:\/\/www.laeuferriege-neuenkirch.ch\/?p=12744\">Fotos<\/a><\/p>\n","protected":false},"excerpt":{"rendered":"<p>Von Ende April bis Ende Mai war die L\u00e4uferriege Neuenkirch w\u00e4hrend 6 Woche wiederum Gast bei der Laufserie Go-In 6 Weeks. An 6 aufeinanderfolgenden Mittwochabenden &hellip;<\/p>\n","protected":false},"author":1,"featured_media":0,"comment_status":"closed","ping_status":"closed","sticky":false,"template":"","format":"standard","meta":{"_themeisle_gutenberg_block_has_review":false,"footnotes":""},"categories":[9],"tags":[],"class_list":["post-12762","post","type-post","status-publish","format-standard","hentry","category-news"],"_links":{"self":[{"href":"https:\/\/www.laeuferriege-neuenkirch.ch\/index.php?rest_route=\/wp\/v2\/posts\/12762","targetHints":{"allow":["GET"]}}],"collection":[{"href":"https:\/\/www.laeuferriege-neuenkirch.ch\/index.php?rest_route=\/wp\/v2\/posts"}],"about":[{"href":"https:\/\/www.laeuferriege-neuenkirch.ch\/index.php?rest_route=\/wp\/v2\/types\/post"}],"author":[{"embeddable":true,"href":"https:\/\/www.laeuferriege-neuenkirch.ch\/index.php?rest_route=\/wp\/v2\/users\/1"}],"replies":[{"embeddable":true,"href":"https:\/\/www.laeuferriege-neuenkirch.ch\/index.php?rest_route=%2Fwp%2Fv2%2Fcomments&post=12762"}],"version-history":[{"count":2,"href":"https:\/\/www.laeuferriege-neuenkirch.ch\/index.php?rest_route=\/wp\/v2\/posts\/12762\/revisions"}],"predecessor-version":[{"id":12764,"href":"https:\/\/www.laeuferriege-neuenkirch.ch\/index.php?rest_route=\/wp\/v2\/posts\/12762\/revisions\/12764"}],"wp:attachment":[{"href":"https:\/\/www.laeuferriege-neuenkirch.ch\/index.php?rest_route=%2Fwp%2Fv2%2Fmedia&parent=12762"}],"wp:term":[{"taxonomy":"category","embeddable":true,"href":"https:\/\/www.laeuferriege-neuenkirch.ch\/index.php?rest_route=%2Fwp%2Fv2%2Fcategories&post=12762"},{"taxonomy":"post_tag","embeddable":true,"href":"https:\/\/www.laeuferriege-neuenkirch.ch\/index.php?rest_route=%2Fwp%2Fv2%2Ftags&post=12762"}],"curies":[{"name":"wp","href":"https:\/\/api.w.org\/{rel}","templated":true}]}}