{"id":11472,"date":"2016-09-24T20:00:17","date_gmt":"2016-09-24T19:00:17","guid":{"rendered":"http:\/\/www.laeuferriege-neuenkirch.ch\/?p=11472"},"modified":"2016-10-06T14:38:03","modified_gmt":"2016-10-06T13:38:03","slug":"willisauerlauf-2016","status":"publish","type":"post","link":"https:\/\/www.laeuferriege-neuenkirch.ch\/?p=11472","title":{"rendered":"Willisauerlauf 2016"},"content":{"rendered":"<p><strong>Am Samstag 24. September 2016 organisierte der STV Willisau bereits zum 28. Mal den beliebten Willisauerlauf. Auf einem Rundkurs durch das idyllische St\u00e4dtli wurde nochmals um Meter und Sekunden gek\u00e4mpft, bevor es dann f\u00fcr die meisten der L\u00e4uferriegeler in die verdiente Saison-Pause geht.<\/strong><\/p>\n<p><!--more-->Die U10 M\u00e4dchen \u2013 vertreten durch Kim Hirschi und Flavia M\u00fcller \u2013 konnten in einem ungewohnt grossen L\u00e4uferinnenfeld stets Sichtkontakt mit der Spitzengruppe halten und erreichten den guten 8. (Kim) bzw. 12. Rang (Flavia). Die U10-Knaben\u00a0 durften sich mit Rang 23 (Lars N\u00e4f) und Rang 35 (Leo Abgottspon) im guten Mittelfeld klassieren. Auch Jana B\u00fchlmann und Jonas Helfenstein erspurteten sich mit den R\u00e4ngen 25. (Jana) und 17 (Jonas) einen vers\u00f6hnlichen Saisonabschluss. Knapp am Podest vorbei schrammte einmal mehr Kaya Hirschi. In einem taktisch klugen Rennen konnte sie sich den 4. Rang in der Kategorie M\u00e4dchen U14 sichern. Zur\u00fcck aus der Verletzungspause erreichte Marina Wicki mit dem 9. Rang ein Resultat in den Top-Ten.<\/p>\n<p>Der Nachwuchs GP der U17-Knaben versprach von Anfang an ein spannendes Rennen zu werden: Raphi Helfenstein konnte dabei seine Kr\u00e4fte geschickt einteilen und gewann mit einem grossen Vorsprung die Bronze-Medaille.<\/p>\n","protected":false},"excerpt":{"rendered":"<p>Am Samstag 24. September 2016 organisierte der STV Willisau bereits zum 28. Mal den beliebten Willisauerlauf. Auf einem Rundkurs durch das idyllische St\u00e4dtli wurde nochmals &hellip;<\/p>\n","protected":false},"author":1,"featured_media":0,"comment_status":"closed","ping_status":"closed","sticky":false,"template":"","format":"standard","meta":{"_themeisle_gutenberg_block_has_review":false,"footnotes":""},"categories":[9],"tags":[],"class_list":["post-11472","post","type-post","status-publish","format-standard","hentry","category-news"],"_links":{"self":[{"href":"https:\/\/www.laeuferriege-neuenkirch.ch\/index.php?rest_route=\/wp\/v2\/posts\/11472","targetHints":{"allow":["GET"]}}],"collection":[{"href":"https:\/\/www.laeuferriege-neuenkirch.ch\/index.php?rest_route=\/wp\/v2\/posts"}],"about":[{"href":"https:\/\/www.laeuferriege-neuenkirch.ch\/index.php?rest_route=\/wp\/v2\/types\/post"}],"author":[{"embeddable":true,"href":"https:\/\/www.laeuferriege-neuenkirch.ch\/index.php?rest_route=\/wp\/v2\/users\/1"}],"replies":[{"embeddable":true,"href":"https:\/\/www.laeuferriege-neuenkirch.ch\/index.php?rest_route=%2Fwp%2Fv2%2Fcomments&post=11472"}],"version-history":[{"count":1,"href":"https:\/\/www.laeuferriege-neuenkirch.ch\/index.php?rest_route=\/wp\/v2\/posts\/11472\/revisions"}],"predecessor-version":[{"id":11473,"href":"https:\/\/www.laeuferriege-neuenkirch.ch\/index.php?rest_route=\/wp\/v2\/posts\/11472\/revisions\/11473"}],"wp:attachment":[{"href":"https:\/\/www.laeuferriege-neuenkirch.ch\/index.php?rest_route=%2Fwp%2Fv2%2Fmedia&parent=11472"}],"wp:term":[{"taxonomy":"category","embeddable":true,"href":"https:\/\/www.laeuferriege-neuenkirch.ch\/index.php?rest_route=%2Fwp%2Fv2%2Fcategories&post=11472"},{"taxonomy":"post_tag","embeddable":true,"href":"https:\/\/www.laeuferriege-neuenkirch.ch\/index.php?rest_route=%2Fwp%2Fv2%2Ftags&post=11472"}],"curies":[{"name":"wp","href":"https:\/\/api.w.org\/{rel}","templated":true}]}}