{"id":11467,"date":"2016-09-18T20:00:45","date_gmt":"2016-09-18T19:00:45","guid":{"rendered":"http:\/\/www.laeuferriege-neuenkirch.ch\/?p=11467"},"modified":"2016-09-20T12:17:24","modified_gmt":"2016-09-20T11:17:24","slug":"die-schnellsten-neuenkircher-sind-auserkoren","status":"publish","type":"post","link":"https:\/\/www.laeuferriege-neuenkirch.ch\/?p=11467","title":{"rendered":"Die schnellsten Neuenkircher sind auserkoren"},"content":{"rendered":"<p><strong>Am 18. September 2016 wurden in Neuenkirch \u00fcber die 60 bzw. 80 m die jeweils jahrgangsschnellsten\u00a0 Sprinterinnen und Sprinter gesucht.<\/strong><\/p>\n<p><!--more-->Dabei zeigte sich gar Petrus von der sportlichen Seite: Unglaubliches Wettergl\u00fcck bescherte der L\u00e4uferriege spannende, unfallfreie und faire Wettk\u00e4mpfe. Lynn Helfenstein gelang mit dem Tagessieg bei den Damen die erfolgreiche Titelverteidigung. Der Tagessieg der Herren und somit Titel des schnellsten Neuenkircher ging an Silvan Schaller.<\/p>\n<p><a href=\"https:\/\/www.laeuferriege-neuenkirch.ch\/?p=11227\">Fotos<\/a><\/p>\n<p><a href=\"https:\/\/www.laeuferriege-neuenkirch.ch\/wp-content\/uploads\/2011\/03\/Rangliste-2016.pdf\" target=\"_blank\">Ranglisten<\/a><\/p>\n<p>&nbsp;<\/p>\n","protected":false},"excerpt":{"rendered":"<p>Am 18. September 2016 wurden in Neuenkirch \u00fcber die 60 bzw. 80 m die jeweils jahrgangsschnellsten\u00a0 Sprinterinnen und Sprinter gesucht.<\/p>\n","protected":false},"author":1,"featured_media":0,"comment_status":"closed","ping_status":"closed","sticky":false,"template":"","format":"standard","meta":{"_themeisle_gutenberg_block_has_review":false,"footnotes":""},"categories":[9],"tags":[],"class_list":["post-11467","post","type-post","status-publish","format-standard","hentry","category-news"],"_links":{"self":[{"href":"https:\/\/www.laeuferriege-neuenkirch.ch\/index.php?rest_route=\/wp\/v2\/posts\/11467","targetHints":{"allow":["GET"]}}],"collection":[{"href":"https:\/\/www.laeuferriege-neuenkirch.ch\/index.php?rest_route=\/wp\/v2\/posts"}],"about":[{"href":"https:\/\/www.laeuferriege-neuenkirch.ch\/index.php?rest_route=\/wp\/v2\/types\/post"}],"author":[{"embeddable":true,"href":"https:\/\/www.laeuferriege-neuenkirch.ch\/index.php?rest_route=\/wp\/v2\/users\/1"}],"replies":[{"embeddable":true,"href":"https:\/\/www.laeuferriege-neuenkirch.ch\/index.php?rest_route=%2Fwp%2Fv2%2Fcomments&post=11467"}],"version-history":[{"count":2,"href":"https:\/\/www.laeuferriege-neuenkirch.ch\/index.php?rest_route=\/wp\/v2\/posts\/11467\/revisions"}],"predecessor-version":[{"id":11470,"href":"https:\/\/www.laeuferriege-neuenkirch.ch\/index.php?rest_route=\/wp\/v2\/posts\/11467\/revisions\/11470"}],"wp:attachment":[{"href":"https:\/\/www.laeuferriege-neuenkirch.ch\/index.php?rest_route=%2Fwp%2Fv2%2Fmedia&parent=11467"}],"wp:term":[{"taxonomy":"category","embeddable":true,"href":"https:\/\/www.laeuferriege-neuenkirch.ch\/index.php?rest_route=%2Fwp%2Fv2%2Fcategories&post=11467"},{"taxonomy":"post_tag","embeddable":true,"href":"https:\/\/www.laeuferriege-neuenkirch.ch\/index.php?rest_route=%2Fwp%2Fv2%2Ftags&post=11467"}],"curies":[{"name":"wp","href":"https:\/\/api.w.org\/{rel}","templated":true}]}}