{"id":11218,"date":"2016-07-02T20:00:56","date_gmt":"2016-07-02T19:00:56","guid":{"rendered":"http:\/\/www.laeuferriege-neuenkirch.ch\/?p=11218"},"modified":"2016-08-17T06:13:26","modified_gmt":"2016-08-17T05:13:26","slug":"hellebardenlauf-sempach","status":"publish","type":"post","link":"https:\/\/www.laeuferriege-neuenkirch.ch\/?p=11218","title":{"rendered":"Hellebardenlauf Sempach"},"content":{"rendered":"<p><strong>Mit der 35. Austragung des Hellebardenlaufs in Sempach schn\u00fcrte die L\u00e4uferriege Neuenkirch das letzte Mal vor den Sommerferien die Wettkampfschuhe. Mitten im historischen St\u00e4dtchen Sempach galt es den Rundkurs von 600m bzw. 1,1 km m\u00f6glichst rasch hinter sich zu bringen.<\/strong><\/p>\n<p><!--more-->Das gut besetzte Teilnehmerfeld bei den Sch\u00fclerkategorien forderte von den jungen L\u00e4uferinnen und L\u00e4ufer grossen Kampfgeist im garstigen Juli-Wetter. Mit den ungewohnt nassen Bedingungen arrangierten sich die L\u00e4uferriegeler sehr gut. Neben dem grossartigen Silber-Medaillen-Gewinn durch Fabienne M\u00fcller durften die mitgereisten Fans weitere Top-Ten-Klassierungen beklatschten (7. Kim Hirschi, 7. C\u00e9dric Weber, 7. Kaya Hirschi, 9. Jonas M\u00fcller).<\/p>\n<p>Am sp\u00e4teren Nachmittag wagte sich nochmals eine Gruppe im rot-gelben Dress \u00fcber die 5,8 km lange Hellebardino-Strecke bzw. \u00fcber die Hauptdistanz von 12,2km an den Start. Dabei sorgten in der Kategorie U18 m\u00e4nnlich die Neuenkircher m\u00e4chtig f\u00fcr Tempo. Die Pl\u00e4tze 4-7 sowie Rang 9 lagen fest in der Hand der L\u00e4uferriege (4. Raphael Helfenstein, 5. Tobias Graf, 6. Jonas M\u00fcller, 7. Nicola Krummenacher, 9. C\u00e9dric Weber). Mit Rang 4 (Kaya Hirschi) und Rang 5 (Lisa Sch\u00fcpbach) \u00fcber dieselbe Distanz wurde die tolle Kollektivleistung komplettiert.<\/p>\n<p>Crosslauf-Bedingungen herrschten auf der Strecke des Hauptlaufes. Der anhaltende Regen sorgte f\u00fcr tiefes Terrain und rutschige Kurven. Nichts desto trotz liefen Joshua H\u00e4fliger und Sven Achermann in ihrer Kategorie auf Rang 7 bzw. 8. Karin Peter durfte sich im Ziel \u00fcber die bronzene Auszeichnung freuen.<\/p>\n<p><strong>Auszug aus der Rangliste:<br \/>\nMU10:<\/strong> 17. Lars N\u00e4f, 26. Tim Wiederkehr, 33. L\u00e9o Abgottspon; <strong>WU10:<\/strong> 7. Kim Hirschi, 12. Flavia M\u00fcller; <strong>MU12:<\/strong> 7. C\u00e9dric Weber, 11. Nando Brun, 28. Jonas Helfenstein; <strong>WU12:<\/strong> 2. Fabienne M\u00fcller, 34. Jana B\u00fchlmann; <strong>MU14:<\/strong> 9. Jonas M\u00fcller; <strong>WU14:<\/strong> 7. Kaya Hirschi, 13. Marina Wicki; <strong>Hellebardino:<\/strong> <strong>MU18:<\/strong> 4. Raphael Helfenstein, 5. Tobias Graf, 6. Jonas M\u00fcller, 7. Nicola Krummenacher, 9. C\u00e9dric Helfenstein, 32. Michael Graf; <strong>WU18:<\/strong> 4. Kaya Hirschi, 5. Lisa Sch\u00fcpbach, 19. Janine Weber; <strong>Hauptlauf MU20:<\/strong> 7. Joshua H\u00e4fliger, 8. Sven Achermann; <strong>W20:<\/strong> 3. Karin Peter<\/p>\n","protected":false},"excerpt":{"rendered":"<p>Mit der 35. Austragung des Hellebardenlaufs in Sempach schn\u00fcrte die L\u00e4uferriege Neuenkirch das letzte Mal vor den Sommerferien die Wettkampfschuhe. Mitten im historischen St\u00e4dtchen Sempach &hellip;<\/p>\n","protected":false},"author":1,"featured_media":0,"comment_status":"closed","ping_status":"closed","sticky":false,"template":"","format":"standard","meta":{"_themeisle_gutenberg_block_has_review":false,"footnotes":""},"categories":[9],"tags":[],"class_list":["post-11218","post","type-post","status-publish","format-standard","hentry","category-news"],"_links":{"self":[{"href":"https:\/\/www.laeuferriege-neuenkirch.ch\/index.php?rest_route=\/wp\/v2\/posts\/11218","targetHints":{"allow":["GET"]}}],"collection":[{"href":"https:\/\/www.laeuferriege-neuenkirch.ch\/index.php?rest_route=\/wp\/v2\/posts"}],"about":[{"href":"https:\/\/www.laeuferriege-neuenkirch.ch\/index.php?rest_route=\/wp\/v2\/types\/post"}],"author":[{"embeddable":true,"href":"https:\/\/www.laeuferriege-neuenkirch.ch\/index.php?rest_route=\/wp\/v2\/users\/1"}],"replies":[{"embeddable":true,"href":"https:\/\/www.laeuferriege-neuenkirch.ch\/index.php?rest_route=%2Fwp%2Fv2%2Fcomments&post=11218"}],"version-history":[{"count":2,"href":"https:\/\/www.laeuferriege-neuenkirch.ch\/index.php?rest_route=\/wp\/v2\/posts\/11218\/revisions"}],"predecessor-version":[{"id":11220,"href":"https:\/\/www.laeuferriege-neuenkirch.ch\/index.php?rest_route=\/wp\/v2\/posts\/11218\/revisions\/11220"}],"wp:attachment":[{"href":"https:\/\/www.laeuferriege-neuenkirch.ch\/index.php?rest_route=%2Fwp%2Fv2%2Fmedia&parent=11218"}],"wp:term":[{"taxonomy":"category","embeddable":true,"href":"https:\/\/www.laeuferriege-neuenkirch.ch\/index.php?rest_route=%2Fwp%2Fv2%2Fcategories&post=11218"},{"taxonomy":"post_tag","embeddable":true,"href":"https:\/\/www.laeuferriege-neuenkirch.ch\/index.php?rest_route=%2Fwp%2Fv2%2Ftags&post=11218"}],"curies":[{"name":"wp","href":"https:\/\/api.w.org\/{rel}","templated":true}]}}