{"id":11207,"date":"2016-06-04T20:00:03","date_gmt":"2016-06-04T19:00:03","guid":{"rendered":"http:\/\/www.laeuferriege-neuenkirch.ch\/?p=11207"},"modified":"2016-06-30T12:13:46","modified_gmt":"2016-06-30T11:13:46","slug":"5-podestplaetze-am-baldeggerseelauf","status":"publish","type":"post","link":"https:\/\/www.laeuferriege-neuenkirch.ch\/?p=11207","title":{"rendered":"5 Podestpl\u00e4tze am Baldeggerseelauf"},"content":{"rendered":"<p><strong>Am 4. Juni 2016 stand der Baldeggerseelauf in Hitzkirch in der L\u00e4uferriege Agenda. Bei str\u00f6mendem Regen starteten bei den U10 Sch\u00fclerl\u00e4ufen Flavia, Kim, Lars und Leo den Rundkurs von 1.03 km. Dabei machten die Neuenkircher L\u00e4uferinnen und L\u00e4ufer ein gutes Rennen und Flavia M\u00fcller durfte sich in den Top Ten klassieren. Kim Hirschi und Lars N\u00e4f verpassten dabei die Top Ten Pl\u00e4tze nur ganz knapp. Auch Leo Abgottspon reihte sich beim grossen Teilnehmerfeld der U10 unter den besten 20 ein.<\/strong><\/p>\n<p><!--more-->Bei den weiblichen U12 liess Fabienne M\u00fcller nichts anbrennen. Bereits nach kurzer Renndistanz \u00fcbernahm sie die F\u00fchrung und liess sich diese nicht mehr nehmen. Mit \u00fcber 30 Sekunden Vorsprung \u00a0bei einer Renndistanz von 1.53 km gewann Fabienne souver\u00e4n. Jana B\u00fchlmann machte ein solides Rennen und erreichte Platz 23.<\/p>\n<p>Bei den m\u00e4nnlichen U14 erk\u00e4mpfte sich Jonas M\u00fcller mit dem 7. Platz ein gutes Top Ten Ergebnis. Auch Michael Graf machte ein gutes Rennen und reihte sich unter den 20 Besten ein.<\/p>\n<p>Endlich hatte der Wettergott ein Einsehen und liess den Regen stoppen. Gleich drei L\u00e4uferinnen und zwei L\u00e4ufer starteten beim\u00a0 4.5 km Schlosslauf. Bei den m\u00e4nnlichen U18 machten Joshua H\u00e4fliger und C\u00e9dric Weber, der j\u00fcngste Teilnehmer am Schlosslauf, die ersten zwei Pl\u00e4tze unter sich aus. Mit dem besseren Ende f\u00fcr Joshua H\u00e4fliger, der ein starkes Rennen lief. Bei den weiblichen U18 gingen Jessica Lagler, Tamara Hirschi und Janine Weber an den Start. Auch hier verbuchte die L\u00e4uferriege Neuenkirch gleich zwei Podestpl\u00e4tze mit 2. Rang durch Jessica und 3. Rang von Tamara.<\/p>\n<div id='gallery-1' class='gallery galleryid-11207 gallery-columns-5 gallery-size-thumbnail'><figure class='gallery-item'>\n\t\t\t<div class='gallery-icon portrait'>\n\t\t\t\t<a href='https:\/\/www.laeuferriege-neuenkirch.ch\/wp-content\/uploads\/2016\/06\/20160605_145217_4.jpg' rel=\"lightbox[11207]\"><img loading=\"lazy\" decoding=\"async\" width=\"52\" height=\"75\" src=\"https:\/\/www.laeuferriege-neuenkirch.ch\/wp-content\/uploads\/2016\/06\/20160605_145217_4-52x75.jpg\" class=\"attachment-thumbnail size-thumbnail\" alt=\"\" srcset=\"https:\/\/www.laeuferriege-neuenkirch.ch\/wp-content\/uploads\/2016\/06\/20160605_145217_4-52x75.jpg 52w, https:\/\/www.laeuferriege-neuenkirch.ch\/wp-content\/uploads\/2016\/06\/20160605_145217_4-206x300.jpg 206w, https:\/\/www.laeuferriege-neuenkirch.ch\/wp-content\/uploads\/2016\/06\/20160605_145217_4.jpg 412w\" sizes=\"auto, (max-width: 52px) 100vw, 52px\" \/><\/a>\n\t\t\t<\/div><\/figure><figure class='gallery-item'>\n\t\t\t<div class='gallery-icon portrait'>\n\t\t\t\t<a href='https:\/\/www.laeuferriege-neuenkirch.ch\/wp-content\/uploads\/2016\/06\/20160605_145236_3.jpg' rel=\"lightbox[11207]\"><img loading=\"lazy\" decoding=\"async\" width=\"42\" height=\"75\" src=\"https:\/\/www.laeuferriege-neuenkirch.ch\/wp-content\/uploads\/2016\/06\/20160605_145236_3-42x75.jpg\" class=\"attachment-thumbnail size-thumbnail\" alt=\"\" srcset=\"https:\/\/www.laeuferriege-neuenkirch.ch\/wp-content\/uploads\/2016\/06\/20160605_145236_3-42x75.jpg 42w, https:\/\/www.laeuferriege-neuenkirch.ch\/wp-content\/uploads\/2016\/06\/20160605_145236_3-169x300.jpg 169w, https:\/\/www.laeuferriege-neuenkirch.ch\/wp-content\/uploads\/2016\/06\/20160605_145236_3.jpg 338w\" sizes=\"auto, (max-width: 42px) 100vw, 42px\" \/><\/a>\n\t\t\t<\/div><\/figure><figure class='gallery-item'>\n\t\t\t<div class='gallery-icon portrait'>\n\t\t\t\t<a href='https:\/\/www.laeuferriege-neuenkirch.ch\/wp-content\/uploads\/2016\/06\/20160605_145201_5.jpg' rel=\"lightbox[11207]\"><img loading=\"lazy\" decoding=\"async\" width=\"35\" height=\"75\" src=\"https:\/\/www.laeuferriege-neuenkirch.ch\/wp-content\/uploads\/2016\/06\/20160605_145201_5-35x75.jpg\" class=\"attachment-thumbnail size-thumbnail\" alt=\"\" srcset=\"https:\/\/www.laeuferriege-neuenkirch.ch\/wp-content\/uploads\/2016\/06\/20160605_145201_5-35x75.jpg 35w, https:\/\/www.laeuferriege-neuenkirch.ch\/wp-content\/uploads\/2016\/06\/20160605_145201_5-139x300.jpg 139w, https:\/\/www.laeuferriege-neuenkirch.ch\/wp-content\/uploads\/2016\/06\/20160605_145201_5.jpg 278w\" sizes=\"auto, (max-width: 35px) 100vw, 35px\" \/><\/a>\n\t\t\t<\/div><\/figure><figure class='gallery-item'>\n\t\t\t<div class='gallery-icon portrait'>\n\t\t\t\t<a href='https:\/\/www.laeuferriege-neuenkirch.ch\/wp-content\/uploads\/2016\/06\/20160604_184135_1.jpg' rel=\"lightbox[11207]\"><img loading=\"lazy\" decoding=\"async\" width=\"42\" height=\"75\" src=\"https:\/\/www.laeuferriege-neuenkirch.ch\/wp-content\/uploads\/2016\/06\/20160604_184135_1-42x75.jpg\" class=\"attachment-thumbnail size-thumbnail\" alt=\"\" srcset=\"https:\/\/www.laeuferriege-neuenkirch.ch\/wp-content\/uploads\/2016\/06\/20160604_184135_1-42x75.jpg 42w, https:\/\/www.laeuferriege-neuenkirch.ch\/wp-content\/uploads\/2016\/06\/20160604_184135_1-169x300.jpg 169w, https:\/\/www.laeuferriege-neuenkirch.ch\/wp-content\/uploads\/2016\/06\/20160604_184135_1.jpg 338w\" sizes=\"auto, (max-width: 42px) 100vw, 42px\" \/><\/a>\n\t\t\t<\/div><\/figure><figure class='gallery-item'>\n\t\t\t<div class='gallery-icon portrait'>\n\t\t\t\t<a href='https:\/\/www.laeuferriege-neuenkirch.ch\/wp-content\/uploads\/2016\/06\/20160605_135412_2.jpg' rel=\"lightbox[11207]\"><img loading=\"lazy\" decoding=\"async\" width=\"49\" height=\"75\" src=\"https:\/\/www.laeuferriege-neuenkirch.ch\/wp-content\/uploads\/2016\/06\/20160605_135412_2-49x75.jpg\" class=\"attachment-thumbnail size-thumbnail\" alt=\"\" srcset=\"https:\/\/www.laeuferriege-neuenkirch.ch\/wp-content\/uploads\/2016\/06\/20160605_135412_2-49x75.jpg 49w, https:\/\/www.laeuferriege-neuenkirch.ch\/wp-content\/uploads\/2016\/06\/20160605_135412_2-196x300.jpg 196w, https:\/\/www.laeuferriege-neuenkirch.ch\/wp-content\/uploads\/2016\/06\/20160605_135412_2.jpg 391w\" sizes=\"auto, (max-width: 49px) 100vw, 49px\" \/><\/a>\n\t\t\t<\/div><\/figure>\n\t\t<\/div>\n\n<p><strong>Rangliste Sch\u00fclerl\u00e4ufe<\/strong><br \/>\nU10 W: 8. Flavia M\u00fcller, 11. Kim Hirschi<br \/>\nU10 M: 12. Lars N\u00e4f, 18. Leo Abgottspon<br \/>\nU12 W: 1. Fabienne M\u00fcller, 23. Jana B\u00fchlmann<br \/>\nU14 M: \u00a07. Jonas M\u00fcller, 17. Michael Graf<\/p>\n<p><strong>Rangliste Schlosslauf (4.5 km)<\/strong><br \/>\nU 18 W: 2. Jessica Lagler, 3. Tamara Hirschi, 4. Janine Weber<br \/>\nU18 M: \u00a01. Joshua H\u00e4fliger, 2. C\u00e9dric Weber<\/p>\n","protected":false},"excerpt":{"rendered":"<p>Am 4. Juni 2016 stand der Baldeggerseelauf in Hitzkirch in der L\u00e4uferriege Agenda. Bei str\u00f6mendem Regen starteten bei den U10 Sch\u00fclerl\u00e4ufen Flavia, Kim, Lars und &hellip;<\/p>\n","protected":false},"author":1,"featured_media":0,"comment_status":"closed","ping_status":"closed","sticky":false,"template":"","format":"standard","meta":{"_themeisle_gutenberg_block_has_review":false,"footnotes":""},"categories":[9],"tags":[],"class_list":["post-11207","post","type-post","status-publish","format-standard","hentry","category-news"],"_links":{"self":[{"href":"https:\/\/www.laeuferriege-neuenkirch.ch\/index.php?rest_route=\/wp\/v2\/posts\/11207","targetHints":{"allow":["GET"]}}],"collection":[{"href":"https:\/\/www.laeuferriege-neuenkirch.ch\/index.php?rest_route=\/wp\/v2\/posts"}],"about":[{"href":"https:\/\/www.laeuferriege-neuenkirch.ch\/index.php?rest_route=\/wp\/v2\/types\/post"}],"author":[{"embeddable":true,"href":"https:\/\/www.laeuferriege-neuenkirch.ch\/index.php?rest_route=\/wp\/v2\/users\/1"}],"replies":[{"embeddable":true,"href":"https:\/\/www.laeuferriege-neuenkirch.ch\/index.php?rest_route=%2Fwp%2Fv2%2Fcomments&post=11207"}],"version-history":[{"count":4,"href":"https:\/\/www.laeuferriege-neuenkirch.ch\/index.php?rest_route=\/wp\/v2\/posts\/11207\/revisions"}],"predecessor-version":[{"id":11216,"href":"https:\/\/www.laeuferriege-neuenkirch.ch\/index.php?rest_route=\/wp\/v2\/posts\/11207\/revisions\/11216"}],"wp:attachment":[{"href":"https:\/\/www.laeuferriege-neuenkirch.ch\/index.php?rest_route=%2Fwp%2Fv2%2Fmedia&parent=11207"}],"wp:term":[{"taxonomy":"category","embeddable":true,"href":"https:\/\/www.laeuferriege-neuenkirch.ch\/index.php?rest_route=%2Fwp%2Fv2%2Fcategories&post=11207"},{"taxonomy":"post_tag","embeddable":true,"href":"https:\/\/www.laeuferriege-neuenkirch.ch\/index.php?rest_route=%2Fwp%2Fv2%2Ftags&post=11207"}],"curies":[{"name":"wp","href":"https:\/\/api.w.org\/{rel}","templated":true}]}}