{"id":11203,"date":"2016-05-25T20:00:14","date_gmt":"2016-05-25T19:00:14","guid":{"rendered":"http:\/\/www.laeuferriege-neuenkirch.ch\/?p=11203"},"modified":"2016-06-02T09:17:15","modified_gmt":"2016-06-02T08:17:15","slug":"erfolgreiche-teilnahme-an-der-laufserie-go-in-6-weeks-9-medaillen-sowie-zahlreiche-top-ten-platzierungen-fuer-die-laeuferriege-neuenkirch","status":"publish","type":"post","link":"https:\/\/www.laeuferriege-neuenkirch.ch\/?p=11203","title":{"rendered":"Erfolgreiche Teilnahme an der Laufserie Go-In 6 Weeks: 9 Medaillen sowie zahlreiche Top-Ten-Platzierungen f\u00fcr die L\u00e4uferriege Neuenkirch"},"content":{"rendered":"<p><strong>Die 5. Austragung der Laufserie Go-In 6 Weeks ist bereits Geschichte. W\u00e4hrend 6 Wochen wurden jeweils am Mittwoch-Abend die Laufschuhe in der Region geschn\u00fcrt und f\u00fcr die J\u00fcngeren rund 1,5km, f\u00fcr die Mittleren 3km und f\u00fcr die alten Hasen 10km unter die Sohlen genommen.<\/strong><\/p>\n<p><!--more--><a href=\"https:\/\/www.laeuferriege-neuenkirch.ch\/wp-content\/uploads\/2016\/06\/20160525_200602_78.jpg\" rel=\"lightbox[11203]\"><img loading=\"lazy\" decoding=\"async\" class=\"alignleft size-medium wp-image-11179\" src=\"https:\/\/www.laeuferriege-neuenkirch.ch\/wp-content\/uploads\/2016\/06\/20160525_200602_78-300x200.jpg\" alt=\"20160525_200602_78\" width=\"300\" height=\"200\" srcset=\"https:\/\/www.laeuferriege-neuenkirch.ch\/wp-content\/uploads\/2016\/06\/20160525_200602_78-300x200.jpg 300w, https:\/\/www.laeuferriege-neuenkirch.ch\/wp-content\/uploads\/2016\/06\/20160525_200602_78-75x50.jpg 75w, https:\/\/www.laeuferriege-neuenkirch.ch\/wp-content\/uploads\/2016\/06\/20160525_200602_78-768x512.jpg 768w, https:\/\/www.laeuferriege-neuenkirch.ch\/wp-content\/uploads\/2016\/06\/20160525_200602_78.jpg 800w\" sizes=\"auto, (max-width: 300px) 100vw, 300px\" \/><\/a>Wer an m\u00f6glichst vielen L\u00e4ufen mit dabei ist oder es gar schafft, 6 Wochen lang jeden Mittwoch an der Startlinie zu stehen, hat die besten Chancen in der Gesamtwertung ganz vorne ein W\u00f6rtchen mitreden zu k\u00f6nnen. Dies gelang den Athletinnen und Athleten der L\u00e4uferriege Neuenkirch mit Bravour. Bei den M\u00e4dchen U 10\u00a0 durfte sich Flavia M\u00fcller nach 6 strengen Laufwochen als Siegerin feiern lassen, gefolgt von Kim Hirschi auf Rang 7. Auch bei den gleichaltrigen Knaben gab es Edelmetall f\u00fcr Neuenkirch: Tim Wiederkehr belegte Rang 3. Bei den M\u00e4dchen der Kategorie U12 tat es Fabienne M\u00fcller ihrer Schwester gleich: Auch sie durfte ganz zuoberst auf\u2019s Treppchen steigen. Jana B\u00fchlmann verpasste mit dem 4. Platz nur knapp die Podestpl\u00e4tze und auch Kaya Hirschi, M\u00e4dchen U14, mischte mit Rang 5 unter den Top-Ten-Platzierungen mit. Jonas M\u00fcller, Knaben U14, lief 6 Wochen lang gegen starke Konkurrenten. Sein Kampfgeist wurde in der Endabrechnung mit der bronzenen Medaille belohnt. Zu einem klaren Doppelsieg f\u00fcr die Neuenkircher kam es bei den M\u00e4dchen U16: Mit Platz 1 f\u00fcr Lisa Sch\u00fcpbach und Rang 2 f\u00fcr Tamara Hirschi war dieses Podest fest in der Hand der Neuenkircherinnen. Auch Nicola Krummenacher, Knaben U16, durfte sich \u00fcber die bronzene Auszeichnung freuen.<\/p>\n<p><a href=\"https:\/\/www.laeuferriege-neuenkirch.ch\/wp-content\/uploads\/2016\/06\/20160525_221025_97.jpg\" rel=\"lightbox[11203]\"><img loading=\"lazy\" decoding=\"async\" class=\"alignright size-medium wp-image-11198\" src=\"https:\/\/www.laeuferriege-neuenkirch.ch\/wp-content\/uploads\/2016\/06\/20160525_221025_97-200x300.jpg\" alt=\"20160525_221025_97\" width=\"200\" height=\"300\" srcset=\"https:\/\/www.laeuferriege-neuenkirch.ch\/wp-content\/uploads\/2016\/06\/20160525_221025_97-200x300.jpg 200w, https:\/\/www.laeuferriege-neuenkirch.ch\/wp-content\/uploads\/2016\/06\/20160525_221025_97-50x75.jpg 50w, https:\/\/www.laeuferriege-neuenkirch.ch\/wp-content\/uploads\/2016\/06\/20160525_221025_97.jpg 400w\" sizes=\"auto, (max-width: 200px) 100vw, 200px\" \/><\/a>\u00dcber die volle Distanz von rund 10 km liefen jeweils Sven Achermann, Joshua H\u00e4fliger und Karin Peter welche an einzelnen Etappen von Tina Loosli, Jessica Lagler, Max Krauer und Michael W\u00fcest in der Team-Wertung unterst\u00fctzt wurden. Bei der Kategorie M16 erk\u00e4mpfte sich Sven Achermann den tollen 2. Rang, knapp dahinter Joshua H\u00e4fliger auf dem 4. Rang. Karin Peter durfte sich in der Kategorie F20 \u00fcber den 3. Rang freuen.<\/p>\n<p>\u00dcber die volle Distanz winkt jeweils noch ein besonderes Dessert zum Schluss: Die Sprintwertung. F\u00fcr die jeweils letzten 100-200m gibt es eine separate Wertung, bei welcher es ein Leader-Trikot f\u00fcr die kommende Etappe zu gewinnen gibt. Karin Peter erspurtete sich das Leader-Trikot gleich im ersten Rennen. Musste es aber in Sursee f\u00fcr ein Rennen abgeben. Aber nachher liess sie es sich nicht mehr nehmen und konnte die Sprintwertung ganz klar f\u00fcr sich entscheiden.<\/p>\n<p>Recht herzliche Gratulation an alle<\/p>\n<p><a href=\"https:\/\/www.laeuferriege-neuenkirch.ch\/?p=11101\">Hier gibt es ein paar Impressionen!<\/a><\/p>\n","protected":false},"excerpt":{"rendered":"<p>Die 5. Austragung der Laufserie Go-In 6 Weeks ist bereits Geschichte. W\u00e4hrend 6 Wochen wurden jeweils am Mittwoch-Abend die Laufschuhe in der Region geschn\u00fcrt und &hellip;<\/p>\n","protected":false},"author":1,"featured_media":0,"comment_status":"closed","ping_status":"closed","sticky":false,"template":"","format":"standard","meta":{"_themeisle_gutenberg_block_has_review":false,"footnotes":""},"categories":[9],"tags":[],"class_list":["post-11203","post","type-post","status-publish","format-standard","hentry","category-news"],"_links":{"self":[{"href":"https:\/\/www.laeuferriege-neuenkirch.ch\/index.php?rest_route=\/wp\/v2\/posts\/11203","targetHints":{"allow":["GET"]}}],"collection":[{"href":"https:\/\/www.laeuferriege-neuenkirch.ch\/index.php?rest_route=\/wp\/v2\/posts"}],"about":[{"href":"https:\/\/www.laeuferriege-neuenkirch.ch\/index.php?rest_route=\/wp\/v2\/types\/post"}],"author":[{"embeddable":true,"href":"https:\/\/www.laeuferriege-neuenkirch.ch\/index.php?rest_route=\/wp\/v2\/users\/1"}],"replies":[{"embeddable":true,"href":"https:\/\/www.laeuferriege-neuenkirch.ch\/index.php?rest_route=%2Fwp%2Fv2%2Fcomments&post=11203"}],"version-history":[{"count":2,"href":"https:\/\/www.laeuferriege-neuenkirch.ch\/index.php?rest_route=\/wp\/v2\/posts\/11203\/revisions"}],"predecessor-version":[{"id":11205,"href":"https:\/\/www.laeuferriege-neuenkirch.ch\/index.php?rest_route=\/wp\/v2\/posts\/11203\/revisions\/11205"}],"wp:attachment":[{"href":"https:\/\/www.laeuferriege-neuenkirch.ch\/index.php?rest_route=%2Fwp%2Fv2%2Fmedia&parent=11203"}],"wp:term":[{"taxonomy":"category","embeddable":true,"href":"https:\/\/www.laeuferriege-neuenkirch.ch\/index.php?rest_route=%2Fwp%2Fv2%2Fcategories&post=11203"},{"taxonomy":"post_tag","embeddable":true,"href":"https:\/\/www.laeuferriege-neuenkirch.ch\/index.php?rest_route=%2Fwp%2Fv2%2Ftags&post=11203"}],"curies":[{"name":"wp","href":"https:\/\/api.w.org\/{rel}","templated":true}]}}