{"id":11046,"date":"2016-05-21T20:00:25","date_gmt":"2016-05-21T19:00:25","guid":{"rendered":"http:\/\/www.laeuferriege-neuenkirch.ch\/?p=11046"},"modified":"2016-05-25T14:16:10","modified_gmt":"2016-05-25T13:16:10","slug":"laeuferriege-neuenkirch-am-sempacherseelauf","status":"publish","type":"post","link":"https:\/\/www.laeuferriege-neuenkirch.ch\/?p=11046","title":{"rendered":"L\u00e4uferriege Neuenkirch am Sempacherseelauf"},"content":{"rendered":"<p><strong>Die 7. Austragung des Sempacherseelauf in Sursee liess sich die L\u00e4uferriege Neuenkirch nicht entgehen. Bei pr\u00e4chtigem Fr\u00fchlingswetter durften die L\u00e4uferinnen und L\u00e4ufer ihre Fr\u00fchform in der noch jungen Laufsaison pr\u00e4sentieren.<\/strong><\/p>\n<p><!--more-->Mitten im idyllischen St\u00e4dtli Sursee wurden die J\u00fcngsten auf einem Rundkurs von 700m bzw. 1,3 km durch die Gassen gelotst. Allen voran Fabienne M\u00fcller (U12) konnte erneut eine ganz starke Leistung\u00a0 abliefern und als verdiente Silbermedaillen-Gewinnerin im Ziel einlaufen. Kim Hirschi (5.), Flavia M\u00fcller (7.) und Brun Ennio (7.) (alle U10), Cedric Weber (5.) und Jonas Helfenstein (13.) (beide U12), Jonas M\u00fcller (5.), Michael Graf (7.) sowie Kaya Hirschi (4.) (alle U14) komplettierten die starke Kollektivleistung der L\u00e4uferriege. Kaya wagte sich danach zusammen mit Janine Weber auf den 5km Rundkurs. Auch diese Aufgabe gelang ihr als J\u00fcngste im U16 \u2013L\u00e4uferfeld sehr gut. Mit nur einer Sekunde R\u00fcckstand auf die drittplatzierte L\u00e4uferin verpasste Kaya das Podest knapp. Bei der m\u00e4nnlichen U18 \u00fcber 10km war ein starkes Trio auf der Seite der Neuenkircher gemeldet. Und die drei entt\u00e4uschten nicht: Mit einem Doppelsieg durch Joshua H\u00e4fliger (1.) und Raphael Helfenstein (2.) war das Siegertreppchen fest in Neuenkircher-Hand. Nicola Krummenacher liess sich durch das gute Resultat seiner Trainingskollegen befl\u00fcgeln: Er durfte sich unter den Top-Five ausrufen lassen. F\u00fcr einmal als Team starteten Tamara Hirschi und Tobias Graf (Staffel Mixed) sowie Karin Peter mit ihrer Trainingskollegin Regina Degen (Staffel Frauen) \u00fcber die Halbmarathon-Distanz. W\u00e4hrend Tamara und Regina die ersten 10km von Sursee nach Sempach unter die F\u00fcsse nahmen, legten Tobias und Karin als Schlussl\u00e4ufer 11km von Sempach nach Sursee zur\u00fcck. Beiden Teams gelang trotz sommerlichen Temperaturen ein solides Rennen, welches mit dem 4. (Regina und Karin) bzw. mit dem 12. Rang (Tamara und Tobias) belohnt wurde.<\/p>\n<p><a href=\"https:\/\/www.laeuferriege-neuenkirch.ch\/?p=11048\">Fotos<\/a><\/p>\n","protected":false},"excerpt":{"rendered":"<p>Die 7. Austragung des Sempacherseelauf in Sursee liess sich die L\u00e4uferriege Neuenkirch nicht entgehen. Bei pr\u00e4chtigem Fr\u00fchlingswetter durften die L\u00e4uferinnen und L\u00e4ufer ihre Fr\u00fchform in &hellip;<\/p>\n","protected":false},"author":1,"featured_media":0,"comment_status":"closed","ping_status":"closed","sticky":false,"template":"","format":"standard","meta":{"_themeisle_gutenberg_block_has_review":false,"footnotes":""},"categories":[9],"tags":[],"class_list":["post-11046","post","type-post","status-publish","format-standard","hentry","category-news"],"_links":{"self":[{"href":"https:\/\/www.laeuferriege-neuenkirch.ch\/index.php?rest_route=\/wp\/v2\/posts\/11046","targetHints":{"allow":["GET"]}}],"collection":[{"href":"https:\/\/www.laeuferriege-neuenkirch.ch\/index.php?rest_route=\/wp\/v2\/posts"}],"about":[{"href":"https:\/\/www.laeuferriege-neuenkirch.ch\/index.php?rest_route=\/wp\/v2\/types\/post"}],"author":[{"embeddable":true,"href":"https:\/\/www.laeuferriege-neuenkirch.ch\/index.php?rest_route=\/wp\/v2\/users\/1"}],"replies":[{"embeddable":true,"href":"https:\/\/www.laeuferriege-neuenkirch.ch\/index.php?rest_route=%2Fwp%2Fv2%2Fcomments&post=11046"}],"version-history":[{"count":3,"href":"https:\/\/www.laeuferriege-neuenkirch.ch\/index.php?rest_route=\/wp\/v2\/posts\/11046\/revisions"}],"predecessor-version":[{"id":11097,"href":"https:\/\/www.laeuferriege-neuenkirch.ch\/index.php?rest_route=\/wp\/v2\/posts\/11046\/revisions\/11097"}],"wp:attachment":[{"href":"https:\/\/www.laeuferriege-neuenkirch.ch\/index.php?rest_route=%2Fwp%2Fv2%2Fmedia&parent=11046"}],"wp:term":[{"taxonomy":"category","embeddable":true,"href":"https:\/\/www.laeuferriege-neuenkirch.ch\/index.php?rest_route=%2Fwp%2Fv2%2Fcategories&post=11046"},{"taxonomy":"post_tag","embeddable":true,"href":"https:\/\/www.laeuferriege-neuenkirch.ch\/index.php?rest_route=%2Fwp%2Fv2%2Ftags&post=11046"}],"curies":[{"name":"wp","href":"https:\/\/api.w.org\/{rel}","templated":true}]}}