{"id":10836,"date":"2016-03-13T20:00:47","date_gmt":"2016-03-13T19:00:47","guid":{"rendered":"http:\/\/www.laeuferriege-neuenkirch.ch\/?p=10836"},"modified":"2016-04-19T10:05:11","modified_gmt":"2016-04-19T09:05:11","slug":"innerschweizer-crossmeisterschaften-in-stans-und-crosslauf-in-sarnen","status":"publish","type":"post","link":"https:\/\/www.laeuferriege-neuenkirch.ch\/?p=10836","title":{"rendered":"Innerschweizer Crossmeisterschaften in Stans und Crosslauf in Sarnen"},"content":{"rendered":"<p><strong>Mit den Innerschweizer Crossmeisterschaften in Stans vom 28. Februar 2016 und dem Crosslauf in Sarnen vom 13. M\u00e4rz 2016 geh\u00f6rt die Cross-Saison f\u00fcr die L\u00e4uferriege Neuenkirch bereits der Vergangenheit an.<\/strong><\/p>\n<p><!--more-->Mit einer kleinen aber feinen Truppe reiste die L\u00e4uferriege an die Innerschweizermeisterschaften im Crosslauf. Kim Hirschi, die J\u00fcngste im Dress der Neuenkircher, lieb\u00e4ugelte insgeheim mit einer Platzierung unter den ersten 3 schnellsten Innerschweizerinnen ihres Jahrgangs.\u00a0 Und dies zu Recht: Kim dr\u00fcckte auf dem 1km langen Rundkurs gleich zu Beginn weg auf\u2019s Tempo und wurde mit dem grossartigen Vize-Titel belohnt.\u00a0 In der gleichen Jahrgangskategorie startete Lars N\u00e4f bei den Buben.\u00a0 Auf dem anspruchsvollen Parcours erreichte Lars das Ziel\u00a0 im guten Mittelfeld. Bei der Kategorie U12 wollte sich Cedric Weber mit den schnellen Jungs seines Jahrgangs messen. Dabei meisterte Cedric seine Aufgabe bravour\u00f6s: Nur gerade einem Konkurrenten aus dem Kanton Zug liess Cedric den Vortritt und durfte sich verdient \u00fcber die Silbermedaille freuen.<\/p>\n<p>Mit Kaya Hirschi waren \u00fcber die 2 x 1km- Runde die Farben der Neuenkircher ebenfalls vertreten. Dabei konnte Kaya stetig Boden gut machen und sich mit dem guten 8. Rang \u00fcber eine Top-Ten-Platzierung freuen.<\/p>\n<p>Rund eine Woche sp\u00e4ter wurden die Cross-Schuhe erneut geschn\u00fcrt. Diesmal auf dem flachen Rundkurs in Sarnen. Mit von der Partie die Hirschi-Sisters: Kim griff als erste ins Wettkampfgeschehen ein. Diesmal war Kampfgeist gefragt: Kim k\u00e4mpfte beherzt und konnte sich in der vorderen H\u00e4lfte platzieren. Es schien ganz so, als ob Kaya noch eine Rechnung mit den Crossl\u00e4ufen offen h\u00e4tte. Von Anfang an in Front blieb sie stets in der Spitzengruppe dabei und durfte sich am Ende eines schnellen Rennens \u00fcber den verdienten 3. Podestplatz freuen.\u00a0 Tamara, die 3. im Bunde, rundete das gute Ergebnis f\u00fcr die L\u00e4uferriege mit einer weiteren Rangierung auf dem begehrten Treppchen ab.<\/p>\n","protected":false},"excerpt":{"rendered":"<p>Mit den Innerschweizer Crossmeisterschaften in Stans vom 28. Februar 2016 und dem Crosslauf in Sarnen vom 13. M\u00e4rz 2016 geh\u00f6rt die Cross-Saison f\u00fcr die L\u00e4uferriege &hellip;<\/p>\n","protected":false},"author":1,"featured_media":0,"comment_status":"closed","ping_status":"closed","sticky":false,"template":"","format":"standard","meta":{"_themeisle_gutenberg_block_has_review":false,"footnotes":""},"categories":[9],"tags":[],"class_list":["post-10836","post","type-post","status-publish","format-standard","hentry","category-news"],"_links":{"self":[{"href":"https:\/\/www.laeuferriege-neuenkirch.ch\/index.php?rest_route=\/wp\/v2\/posts\/10836","targetHints":{"allow":["GET"]}}],"collection":[{"href":"https:\/\/www.laeuferriege-neuenkirch.ch\/index.php?rest_route=\/wp\/v2\/posts"}],"about":[{"href":"https:\/\/www.laeuferriege-neuenkirch.ch\/index.php?rest_route=\/wp\/v2\/types\/post"}],"author":[{"embeddable":true,"href":"https:\/\/www.laeuferriege-neuenkirch.ch\/index.php?rest_route=\/wp\/v2\/users\/1"}],"replies":[{"embeddable":true,"href":"https:\/\/www.laeuferriege-neuenkirch.ch\/index.php?rest_route=%2Fwp%2Fv2%2Fcomments&post=10836"}],"version-history":[{"count":2,"href":"https:\/\/www.laeuferriege-neuenkirch.ch\/index.php?rest_route=\/wp\/v2\/posts\/10836\/revisions"}],"predecessor-version":[{"id":10838,"href":"https:\/\/www.laeuferriege-neuenkirch.ch\/index.php?rest_route=\/wp\/v2\/posts\/10836\/revisions\/10838"}],"wp:attachment":[{"href":"https:\/\/www.laeuferriege-neuenkirch.ch\/index.php?rest_route=%2Fwp%2Fv2%2Fmedia&parent=10836"}],"wp:term":[{"taxonomy":"category","embeddable":true,"href":"https:\/\/www.laeuferriege-neuenkirch.ch\/index.php?rest_route=%2Fwp%2Fv2%2Fcategories&post=10836"},{"taxonomy":"post_tag","embeddable":true,"href":"https:\/\/www.laeuferriege-neuenkirch.ch\/index.php?rest_route=%2Fwp%2Fv2%2Ftags&post=10836"}],"curies":[{"name":"wp","href":"https:\/\/api.w.org\/{rel}","templated":true}]}}