{"id":10830,"date":"2016-02-20T20:00:34","date_gmt":"2016-02-20T19:00:34","guid":{"rendered":"http:\/\/www.laeuferriege-neuenkirch.ch\/?p=10830"},"modified":"2016-03-03T07:31:49","modified_gmt":"2016-03-03T06:31:49","slug":"4x-edelmetall-am-1-luzerner-cross-fuer-die-laeuferriege-neuenkirch","status":"publish","type":"post","link":"https:\/\/www.laeuferriege-neuenkirch.ch\/?p=10830","title":{"rendered":"4x Edelmetall am 1. Luzerner Cross f\u00fcr die L\u00e4uferriege Neuenkirch"},"content":{"rendered":"<p><strong>Mit der 1. Austragung des luzerner Crosslaufs auf der luzerner Allmend wurde am Samstag 20. Februar 2016 die Crosslaufsaison lanciert. Der flache Parcours versprach schnelle Rennen und packende Duelle.<\/strong><\/p>\n<p><!--more--><a rel=\"attachment wp-att-10783\" href=\"https:\/\/www.laeuferriege-neuenkirch.ch\/wp-content\/uploads\/2016\/03\/20160220_124024_5.jpg\" rel=\"lightbox[10830]\"><img loading=\"lazy\" decoding=\"async\" class=\"alignleft wp-image-10783 size-medium\" src=\"https:\/\/www.laeuferriege-neuenkirch.ch\/wp-content\/uploads\/2016\/03\/20160220_124024_5-300x200.jpg\" alt=\"20160220_124024_5\" width=\"300\" height=\"200\" srcset=\"https:\/\/www.laeuferriege-neuenkirch.ch\/wp-content\/uploads\/2016\/03\/20160220_124024_5-300x200.jpg 300w, https:\/\/www.laeuferriege-neuenkirch.ch\/wp-content\/uploads\/2016\/03\/20160220_124024_5-75x50.jpg 75w, https:\/\/www.laeuferriege-neuenkirch.ch\/wp-content\/uploads\/2016\/03\/20160220_124024_5-768x512.jpg 768w, https:\/\/www.laeuferriege-neuenkirch.ch\/wp-content\/uploads\/2016\/03\/20160220_124024_5.jpg 800w\" sizes=\"auto, (max-width: 300px) 100vw, 300px\" \/><\/a>Die j\u00fcngsten L\u00e4uferinnen und L\u00e4ufer zeigten sich topmotiviert an der Startlinie \u2013 bereit, ihre Form aus den harten Wintertrainings den mitgereisten Fans zu pr\u00e4sentieren. Und es wurde nicht zu viel versprochen: Souver\u00e4n kontrollierten die beiden Trainingsgsp\u00e4ndli Kim Hirschi und Flavia M\u00fcller das L\u00e4uferfeld und liefen als grossartige Gold- bzw. Silbermedaillengewinnerinnen im Ziel ein. Eine Premi\u00e8re in Sache Cross gab es f\u00fcr Lars N\u00e4f: Er meisterte seine Aufgabe gekonnt und erreichte den 7. Platz. Ein weiterer Sieg auf das Konto der L\u00e4uferriege verbuchen konnte Fabienne M\u00fcller: Sie zeigte ein taktisches kluges Rennen und konnte sich auf der Zielgerade knapp vor ihrer gr\u00f6ssten Widersacherin durchsetzen. Jana B\u00fchlmann sicherte sich in der Verfolgergruppe den guten 10. Rang. Die M\u00e4dchen und Knaben der Kategorie U14 hatten bereits 2km zu absolvieren. Kaya Hirschi hat in diesem Jahr gegen die \u00e4ltere Konkurrenz anzutreten. Sie zeigte im z\u00fcgigen Gegenwind ein beherztes Rennen und wurde mit dem 7. Rang belohnt. Jonas M\u00fcller, ebenfalls auf der 2km-Runde unterwegs, konnte sich in einer Spitzengruppe vom Feld absetzen und erk\u00e4mpfte sich mit dem 3. Rang die 4. Medaille f\u00fcr die L\u00e4uferriege. Tamara Hirschi, am Start bei den U16-Girls, erk\u00e4mpfte sich auf dem ungewohnten Terrain den 5. Rang.<\/p>\n<p><a href=\"https:\/\/www.laeuferriege-neuenkirch.ch\/?p=10776\">Hier gibt es die Fotos dazu!<\/a><\/p>\n","protected":false},"excerpt":{"rendered":"<p>Mit der 1. Austragung des luzerner Crosslaufs auf der luzerner Allmend wurde am Samstag 20. Februar 2016 die Crosslaufsaison lanciert. Der flache Parcours versprach schnelle &hellip;<\/p>\n","protected":false},"author":1,"featured_media":0,"comment_status":"closed","ping_status":"closed","sticky":false,"template":"","format":"standard","meta":{"_themeisle_gutenberg_block_has_review":false,"footnotes":""},"categories":[9],"tags":[],"class_list":["post-10830","post","type-post","status-publish","format-standard","hentry","category-news"],"_links":{"self":[{"href":"https:\/\/www.laeuferriege-neuenkirch.ch\/index.php?rest_route=\/wp\/v2\/posts\/10830","targetHints":{"allow":["GET"]}}],"collection":[{"href":"https:\/\/www.laeuferriege-neuenkirch.ch\/index.php?rest_route=\/wp\/v2\/posts"}],"about":[{"href":"https:\/\/www.laeuferriege-neuenkirch.ch\/index.php?rest_route=\/wp\/v2\/types\/post"}],"author":[{"embeddable":true,"href":"https:\/\/www.laeuferriege-neuenkirch.ch\/index.php?rest_route=\/wp\/v2\/users\/1"}],"replies":[{"embeddable":true,"href":"https:\/\/www.laeuferriege-neuenkirch.ch\/index.php?rest_route=%2Fwp%2Fv2%2Fcomments&post=10830"}],"version-history":[{"count":4,"href":"https:\/\/www.laeuferriege-neuenkirch.ch\/index.php?rest_route=\/wp\/v2\/posts\/10830\/revisions"}],"predecessor-version":[{"id":10834,"href":"https:\/\/www.laeuferriege-neuenkirch.ch\/index.php?rest_route=\/wp\/v2\/posts\/10830\/revisions\/10834"}],"wp:attachment":[{"href":"https:\/\/www.laeuferriege-neuenkirch.ch\/index.php?rest_route=%2Fwp%2Fv2%2Fmedia&parent=10830"}],"wp:term":[{"taxonomy":"category","embeddable":true,"href":"https:\/\/www.laeuferriege-neuenkirch.ch\/index.php?rest_route=%2Fwp%2Fv2%2Fcategories&post=10830"},{"taxonomy":"post_tag","embeddable":true,"href":"https:\/\/www.laeuferriege-neuenkirch.ch\/index.php?rest_route=%2Fwp%2Fv2%2Ftags&post=10830"}],"curies":[{"name":"wp","href":"https:\/\/api.w.org\/{rel}","templated":true}]}}