{"id":10760,"date":"2015-09-20T20:00:17","date_gmt":"2015-09-20T19:00:17","guid":{"rendered":"http:\/\/www.laeuferriege-neuenkirch.ch\/?p=10760"},"modified":"2015-09-28T06:35:31","modified_gmt":"2015-09-28T05:35:31","slug":"schnellst-neuechler-und-schnellsti-neuechelerin-2015-erkoren","status":"publish","type":"post","link":"https:\/\/www.laeuferriege-neuenkirch.ch\/?p=10760","title":{"rendered":"Schnellst Neuechler und schnellsti Neuechelerin 2015 erkoren"},"content":{"rendered":"<p><strong>Am 20. September 2015 organisierte die L\u00e4uferriege Neuenkirch zum 11. Mal den \u201aschnellscht Neuecheler\u2019.<\/strong><\/p>\n<p><!--more--><a href=\"https:\/\/www.laeuferriege-neuenkirch.ch\/wp-content\/uploads\/2015\/09\/20150920_171142_484.jpg\" rel=\"lightbox[10760]\"><img loading=\"lazy\" decoding=\"async\" class=\"size-medium wp-image-10752 alignleft\" src=\"https:\/\/www.laeuferriege-neuenkirch.ch\/wp-content\/uploads\/2015\/09\/20150920_171142_484-200x300.jpg\" alt=\"20150920_171142_484\" width=\"200\" height=\"300\" srcset=\"https:\/\/www.laeuferriege-neuenkirch.ch\/wp-content\/uploads\/2015\/09\/20150920_171142_484-200x300.jpg 200w, https:\/\/www.laeuferriege-neuenkirch.ch\/wp-content\/uploads\/2015\/09\/20150920_171142_484-50x75.jpg 50w, https:\/\/www.laeuferriege-neuenkirch.ch\/wp-content\/uploads\/2015\/09\/20150920_171142_484.jpg 400w\" sizes=\"auto, (max-width: 200px) 100vw, 200px\" \/><\/a>Bei optimalen Laufbedingungen wurden auf der Sportanlage Sonneweid die jeweils schnellsten Sprinterinnen und Sprinter des Jahrganges \u00fcber 60m bzw. 80m erkoren. Nach spannenden Wettk\u00e4mpfen standen an der Rangverk\u00fcndigung die beiden schnellsten gemeinsam auf dem Podest: Lynn Helfenstein siegte bei den Frauen, Christoph Emmenegger bei den Herren. Herzliche Gratulation!<\/p>\n<p><a href=\"https:\/\/www.laeuferriege-neuenkirch.ch\/wp-content\/uploads\/2011\/03\/Ranglist_2015.pdf\" target=\"_blank\">Ranglisten<\/a><\/p>\n<p><a href=\"https:\/\/www.laeuferriege-neuenkirch.ch\/?p=10267\" target=\"_blank\">Fotos<\/a><\/p>\n","protected":false},"excerpt":{"rendered":"<p>Am 20. September 2015 organisierte die L\u00e4uferriege Neuenkirch zum 11. Mal den \u201aschnellscht Neuecheler\u2019.<\/p>\n","protected":false},"author":1,"featured_media":0,"comment_status":"closed","ping_status":"closed","sticky":false,"template":"","format":"standard","meta":{"_themeisle_gutenberg_block_has_review":false,"footnotes":""},"categories":[9],"tags":[],"class_list":["post-10760","post","type-post","status-publish","format-standard","hentry","category-news"],"_links":{"self":[{"href":"https:\/\/www.laeuferriege-neuenkirch.ch\/index.php?rest_route=\/wp\/v2\/posts\/10760","targetHints":{"allow":["GET"]}}],"collection":[{"href":"https:\/\/www.laeuferriege-neuenkirch.ch\/index.php?rest_route=\/wp\/v2\/posts"}],"about":[{"href":"https:\/\/www.laeuferriege-neuenkirch.ch\/index.php?rest_route=\/wp\/v2\/types\/post"}],"author":[{"embeddable":true,"href":"https:\/\/www.laeuferriege-neuenkirch.ch\/index.php?rest_route=\/wp\/v2\/users\/1"}],"replies":[{"embeddable":true,"href":"https:\/\/www.laeuferriege-neuenkirch.ch\/index.php?rest_route=%2Fwp%2Fv2%2Fcomments&post=10760"}],"version-history":[{"count":3,"href":"https:\/\/www.laeuferriege-neuenkirch.ch\/index.php?rest_route=\/wp\/v2\/posts\/10760\/revisions"}],"predecessor-version":[{"id":10765,"href":"https:\/\/www.laeuferriege-neuenkirch.ch\/index.php?rest_route=\/wp\/v2\/posts\/10760\/revisions\/10765"}],"wp:attachment":[{"href":"https:\/\/www.laeuferriege-neuenkirch.ch\/index.php?rest_route=%2Fwp%2Fv2%2Fmedia&parent=10760"}],"wp:term":[{"taxonomy":"category","embeddable":true,"href":"https:\/\/www.laeuferriege-neuenkirch.ch\/index.php?rest_route=%2Fwp%2Fv2%2Fcategories&post=10760"},{"taxonomy":"post_tag","embeddable":true,"href":"https:\/\/www.laeuferriege-neuenkirch.ch\/index.php?rest_route=%2Fwp%2Fv2%2Ftags&post=10760"}],"curies":[{"name":"wp","href":"https:\/\/api.w.org\/{rel}","templated":true}]}}