{"id":10265,"date":"2015-09-19T20:00:35","date_gmt":"2015-09-19T19:00:35","guid":{"rendered":"http:\/\/www.laeuferriege-neuenkirch.ch\/?p=10265"},"modified":"2015-09-25T14:21:44","modified_gmt":"2015-09-25T13:21:44","slug":"historisches-und-viel-erfreuliches-am-willisauerlauf-fuer-die-lr-neuenkirch","status":"publish","type":"post","link":"https:\/\/www.laeuferriege-neuenkirch.ch\/?p=10265","title":{"rendered":"Historisches und viel Erfreuliches am Willisauerlauf f\u00fcr die LR Neuenkirch"},"content":{"rendered":"<p><strong>Mit dem Willisauerlauf stand f\u00fcr die LR Neuenkirch nicht nur ein Klassiker, sondern auch der zweitletzte Strassenlauf der zweiten Saisonh\u00e4lfte auf dem Programm. Eine grosse Truppe Neuenkircher L\u00e4uferInnen stand am vergangenen Samstag, 19.9.2015, in Willisau am Start.<\/strong><\/p>\n<p><!--more-->Noch eine Woche zuvor wurde die L\u00e4uferriege am \u00c4mmelauf mit einem wahren Medaillenregen f\u00fcr die harte Arbeit w\u00e4hrend des Jahres belohnt. Erfahrungsgem\u00e4ss ist das in Willisau jeweils ein wenig anders. Es starten viel mehr L\u00e4uferInnen in den jeweiligen Kategorien und so sind Felder mit bis zu 90 Startenden in den Sch\u00fclerjahrg\u00e4ngen an der Tagesordnung. Die L\u00e4uferInnen wussten bereits vor dem Start, dass f\u00fcr eine Medaille in Willisau mehr gek\u00e4mpft werden muss. Die \u00e4usseren Bedingungen waren ideal und so stand einem erfolgreichen Startschuss in ein schnelles Wochenende nichts mehr im Wege (am n\u00e4chsten Tag wartete bereits der Schnellste Neuenkircher, siehe den separaten Bericht).<\/p>\n<p><a href=\"https:\/\/www.laeuferriege-neuenkirch.ch\/wp-content\/uploads\/2015\/09\/20150919_152804_21.jpg\" rel=\"lightbox[10265]\"><img loading=\"lazy\" decoding=\"async\" class=\"alignleft size-medium wp-image-10214\" src=\"https:\/\/www.laeuferriege-neuenkirch.ch\/wp-content\/uploads\/2015\/09\/20150919_152804_21-300x200.jpg\" alt=\"20150919_152804_21\" width=\"300\" height=\"200\" srcset=\"https:\/\/www.laeuferriege-neuenkirch.ch\/wp-content\/uploads\/2015\/09\/20150919_152804_21-300x200.jpg 300w, https:\/\/www.laeuferriege-neuenkirch.ch\/wp-content\/uploads\/2015\/09\/20150919_152804_21-75x50.jpg 75w, https:\/\/www.laeuferriege-neuenkirch.ch\/wp-content\/uploads\/2015\/09\/20150919_152804_21.jpg 800w\" sizes=\"auto, (max-width: 300px) 100vw, 300px\" \/><\/a>Bereits in der j\u00fcngsten Kategorie schenkte man sich nichts. Flavia M\u00fcller und Kim Hirschi lieferten sich ein Kopf-an-Kopf-Rennen, welches Flavia f\u00fcr sich entscheiden konnte und auf dem Podest auf das zweite Treppchen steigen durfte. Kim reihte sich direkt dahinter auf Platz drei ein. Die Familie M\u00fcller durfte wenig sp\u00e4ter noch einen weiteren Erfolg feiern und auch Fabienne M\u00fcller auf dem Podest zujubeln. Wie immer lief Fabienne souver\u00e4n an und dominierte die Konkurrenz ab der zweiten Runde nach belieben. Die Goldmedaille war der geb\u00fchrende Lohn f\u00fcr das starke Rennen der Oberkircherin. Ebenfalls gejubelt haben d\u00fcrfte Karin Peter, der es zum ersten Mal in ihrer Karriere gelang, ihren Vater (notabene Olympiateilnehmer Josef Peter!) hinter sich zu lassen. \u00dcber die zahlreichen anderen tollen Leistungen der engagierten L\u00e4uferriegler in Willisau haben sich auch die Trainierinnen und Fans der LRN gefreut.<\/p>\n<p><strong>Auszug aus der Rangliste der Sch\u00fclerkategorien:<\/strong><br \/>\nPiccolo W: 2. M\u00fcller Flavia, 3. Hirschi Kim \/\/ Piccolo M: 12. Wiederkehr Tim<br \/>\nU10W: 19. B\u00fchlmann Jana \/\/ U10M: 26. Abgottspon Leo<br \/>\nU12W: 1. M\u00fcller Fabienne, 4. Hirschi Kaya, 6. Wicki Marina<br \/>\nU12M: 7. M\u00fcller Jonas, 10. Weber Cedric, 19. Graf Michael, 21. Helfenstein Jonas<br \/>\nU14W: 31. Weber Janine \/\/ Juniorinnen: 7. Sch\u00fcpbach Lisa, 9. Hirschi Tamara<br \/>\nJunioren: 5. Helfenstein Raphael<\/p>\n<p>Auszug aus der Rangliste des Hauptlaufes:<br \/>\nJuniorinnen: 5. Loosli Tina \/\/ Junioren: 4. Krauer Maximilian \/\/ F20: 5. Peter Karin<\/p>\n<p><a href=\"https:\/\/www.laeuferriege-neuenkirch.ch\/?p=10193\">Fotos vom Willisauerlauf!<\/a><\/p>\n","protected":false},"excerpt":{"rendered":"<p>Mit dem Willisauerlauf stand f\u00fcr die LR Neuenkirch nicht nur ein Klassiker, sondern auch der zweitletzte Strassenlauf der zweiten Saisonh\u00e4lfte auf dem Programm. Eine grosse &hellip;<\/p>\n","protected":false},"author":1,"featured_media":0,"comment_status":"closed","ping_status":"closed","sticky":false,"template":"","format":"standard","meta":{"_themeisle_gutenberg_block_has_review":false,"footnotes":""},"categories":[9],"tags":[],"class_list":["post-10265","post","type-post","status-publish","format-standard","hentry","category-news"],"_links":{"self":[{"href":"https:\/\/www.laeuferriege-neuenkirch.ch\/index.php?rest_route=\/wp\/v2\/posts\/10265","targetHints":{"allow":["GET"]}}],"collection":[{"href":"https:\/\/www.laeuferriege-neuenkirch.ch\/index.php?rest_route=\/wp\/v2\/posts"}],"about":[{"href":"https:\/\/www.laeuferriege-neuenkirch.ch\/index.php?rest_route=\/wp\/v2\/types\/post"}],"author":[{"embeddable":true,"href":"https:\/\/www.laeuferriege-neuenkirch.ch\/index.php?rest_route=\/wp\/v2\/users\/1"}],"replies":[{"embeddable":true,"href":"https:\/\/www.laeuferriege-neuenkirch.ch\/index.php?rest_route=%2Fwp%2Fv2%2Fcomments&post=10265"}],"version-history":[{"count":1,"href":"https:\/\/www.laeuferriege-neuenkirch.ch\/index.php?rest_route=\/wp\/v2\/posts\/10265\/revisions"}],"predecessor-version":[{"id":10266,"href":"https:\/\/www.laeuferriege-neuenkirch.ch\/index.php?rest_route=\/wp\/v2\/posts\/10265\/revisions\/10266"}],"wp:attachment":[{"href":"https:\/\/www.laeuferriege-neuenkirch.ch\/index.php?rest_route=%2Fwp%2Fv2%2Fmedia&parent=10265"}],"wp:term":[{"taxonomy":"category","embeddable":true,"href":"https:\/\/www.laeuferriege-neuenkirch.ch\/index.php?rest_route=%2Fwp%2Fv2%2Fcategories&post=10265"},{"taxonomy":"post_tag","embeddable":true,"href":"https:\/\/www.laeuferriege-neuenkirch.ch\/index.php?rest_route=%2Fwp%2Fv2%2Ftags&post=10265"}],"curies":[{"name":"wp","href":"https:\/\/api.w.org\/{rel}","templated":true}]}}